{"id":5397,"date":"2020-12-25T06:00:00","date_gmt":"2020-12-25T09:00:00","guid":{"rendered":"http:\/\/simone.art.br\/2020\/12\/25\/querida-amiga-cigarra\/"},"modified":"2021-11-21T19:06:10","modified_gmt":"2021-11-21T22:06:10","slug":"querida-amiga-cigarra","status":"publish","type":"post","link":"https:\/\/simone.art.br\/es\/2020\/12\/25\/querida-amiga-cigarra\/","title":{"rendered":"Querida Amiga Cigarra"},"content":{"rendered":"\t\t<div data-elementor-type=\"wp-post\" data-elementor-id=\"5397\" class=\"elementor elementor-5397 elementor-4047\" data-elementor-post-type=\"post\">\n\t\t\t\t\t\t<section class=\"elementor-section elementor-top-section elementor-element elementor-element-46e993e5 elementor-section-boxed elementor-section-height-default elementor-section-height-default\" data-id=\"46e993e5\" data-element_type=\"section\">\n\t\t\t\t\t\t<div class=\"elementor-container elementor-column-gap-default\">\n\t\t\t\t\t<div class=\"elementor-column elementor-col-100 elementor-top-column elementor-element elementor-element-29fda932\" data-id=\"29fda932\" data-element_type=\"column\">\n\t\t\t<div class=\"elementor-widget-wrap elementor-element-populated\">\n\t\t\t\t\t\t<div class=\"elementor-element elementor-element-e82eb22 elementor-widget elementor-widget-text-editor\" data-id=\"e82eb22\" data-element_type=\"widget\" data-widget_type=\"text-editor.default\">\n\t\t\t\t<div class=\"elementor-widget-container\">\n\t\t\t\t\t\t\t\t\t<p><i><span style=\"font-weight: 400;\">Querida amiga Cigarra!<\/span><\/i><\/p><p><i><span style=\"font-weight: 400;\">Y As\u00ed, lleg\u00f3 el 25 de diciembre y creo que es una hermosa fecha para escribirte. Por muchos motivos. En este a\u00f1o, donde terminamos sin mucha certeza de existir dentro de \u00e9l. Un a\u00f1o de tantas penurias y miedos. Preguntas con miles de respuestas, ninguna de las cuales nos sirvi\u00f3 para m\u00e1s de un d\u00eda o una tarde. Un a\u00f1o de abandono y falta de abrazos, calidez y trabajo. Pero estamos aqu\u00ed y tambi\u00e9n tenemos que preguntarnos d\u00f3nde est\u00e1n los beneficios. \u00bfD\u00f3nde crecimos en medio de tanto retroceso y qu\u00e9 nos ayud\u00f3 a seguir? \u00bfQu\u00e9 nos levant\u00f3 cuando estabamos desanimados? Entonces veo tu rostro, escucho tu voz y siento tu presencia en estos meses, en estas semanas, en estos domingos, donde incansablemente ocupabas cabezas y corazones.<\/span><\/i><\/p><p><i><span style=\"font-weight: 400;\">Nuestro oficio ha sufrido la ausencia. El p\u00fablico es nuestro combustible. \u00bfC\u00f3mo podemos sentirnos acompa\u00f1ados, si al final de las canciones seguimos escuchando solo nuestra propia voz? Y seguiste y seguiste y seguiste. Te encontraste a ti misma, empezaste a capela o con tu guitarra. Despu\u00e9s de tantos a\u00f1os, tantas audiencias inmensas y grandes ocasiones, fue dentro de tu casa, con la cara lavada y radiante de belleza natural, cuando te encontraste con tu p\u00fablico, en el que me incluyo, obviamente. T\u00fa, de manera sumamente espont\u00e1nea, te dejaste llevar por la sencillez, por la franqueza con lo que haces y esto cautiv\u00f3 a\u00fan m\u00e1s a esta enorme multitud, ya tan apasionada y fiel. Nada te impidi\u00f3 acudir a la cita que firmaste contigo misma y con quienes te observan. Es hermoso ver que una artista de tu talla, de una generaci\u00f3n tan definitiva para la m\u00fasica brasile\u00f1a, est\u00e9 dispuesta a hacerlo as\u00ed. \u00a1Porque los servicios prestados ya son inmensos!<\/span><\/i><\/p><p><i><span style=\"font-weight: 400;\">As\u00ed que gracias por no rendirte, en este a\u00f1o de tantas ausencias. Gracias por presentarte en este frente. \u00a1Tus armas son tu camino, tu rara voz, tu tama\u00f1o! Y tenemos que admitir, la cantante m\u00e1s sexy de la MPB, \u00a1\u00bfqu\u00e9 hacer ?!<\/span><\/i><\/p><p><i><span style=\"font-weight: 400;\">Y este 25 de diciembre, tan tuyo, tu cumplea\u00f1os, nos invitas a tu fiesta. Todos estaremos all\u00ed para aplaudirte porque nos hiciste olvidar durante una hora cada semana que el mundo anda feo y triste. Enhorabuena, querida amiga, siempre estar\u00e9 aqu\u00ed para aplaudir y abrazarte al final, porque eres real, tanto en carne y hueso, como virtual!\u00a0<\/span><\/i><\/p><p><i><span style=\"font-weight: 400;\">Hasta pronto.<\/span><\/i><\/p><p><i><span style=\"font-weight: 400;\">ZD<\/span><\/i><\/p>\t\t\t\t\t\t\t\t<\/div>\n\t\t\t\t<\/div>\n\t\t\t\t\t<\/div>\n\t\t<\/div>\n\t\t\t\t\t<\/div>\n\t\t<\/section>\n\t\t\t\t<\/div>\n\t\t","protected":false},"excerpt":{"rendered":"<p>Querida amiga Cigarra! Y As\u00ed, lleg\u00f3 el 25 de diciembre y creo que es una hermosa fecha para escribirte. Por muchos motivos. En este a\u00f1o, donde terminamos sin mucha certeza de existir dentro de \u00e9l. Un a\u00f1o de tantas penurias [&hellip;]<\/p>\n","protected":false},"author":1,"featured_media":4842,"comment_status":"open","ping_status":"open","sticky":false,"template":"","format":"standard","meta":{"inline_featured_image":false,"footnotes":""},"categories":[97],"tags":[99,103,104,105,106],"class_list":["post-5397","post","type-post","status-publish","format-standard","has-post-thumbnail","hentry","category-opiniao-es","tag-simone-es","tag-25-de-dezembro-es","tag-entao-e-natal-es","tag-25-anos-es","tag-aniversario-es"],"yoast_head":"<!-- This site is optimized with the Yoast SEO plugin v27.5 - https:\/\/yoast.com\/product\/yoast-seo-wordpress\/ -->\n<title>Querida Amiga Cigarra - Simone | Site Oficial<\/title>\n<meta name=\"robots\" content=\"index, follow, max-snippet:-1, max-image-preview:large, max-video-preview:-1\" \/>\n<link rel=\"canonical\" href=\"https:\/\/simone.art.br\/es\/2020\/12\/25\/querida-amiga-cigarra\/\" \/>\n<meta property=\"og:locale\" content=\"es_ES\" \/>\n<meta property=\"og:type\" content=\"article\" \/>\n<meta property=\"og:title\" content=\"Querida Amiga Cigarra - Simone | Site Oficial\" \/>\n<meta property=\"og:description\" content=\"Querida amiga Cigarra! Y As\u00ed, lleg\u00f3 el 25 de diciembre y creo que es una hermosa fecha para escribirte. Por muchos motivos. En este a\u00f1o, donde terminamos sin mucha certeza de existir dentro de \u00e9l. Un a\u00f1o de tantas penurias [&hellip;]\" \/>\n<meta property=\"og:url\" content=\"https:\/\/simone.art.br\/es\/2020\/12\/25\/querida-amiga-cigarra\/\" \/>\n<meta property=\"og:site_name\" content=\"Simone | Site Oficial\" \/>\n<meta property=\"article:published_time\" content=\"2020-12-25T09:00:00+00:00\" \/>\n<meta property=\"article:modified_time\" content=\"2021-11-21T22:06:10+00:00\" \/>\n<meta property=\"og:image\" content=\"https:\/\/i0.wp.com\/simone.art.br\/wp-content\/uploads\/2020\/12\/post-simone-revisado.jpg?fit=1250%2C1250&ssl=1\" \/>\n\t<meta property=\"og:image:width\" content=\"1250\" \/>\n\t<meta property=\"og:image:height\" content=\"1250\" \/>\n\t<meta property=\"og:image:type\" content=\"image\/jpeg\" \/>\n<meta name=\"author\" content=\"admin\" \/>\n<meta name=\"twitter:card\" content=\"summary_large_image\" \/>\n<meta name=\"twitter:label1\" content=\"Escrito por\" \/>\n\t<meta name=\"twitter:data1\" content=\"admin\" \/>\n\t<meta name=\"twitter:label2\" content=\"Tiempo de lectura\" \/>\n\t<meta name=\"twitter:data2\" content=\"2 minutos\" \/>\n<script type=\"application\/ld+json\" class=\"yoast-schema-graph\">{\"@context\":\"https:\\\/\\\/schema.org\",\"@graph\":[{\"@type\":\"Article\",\"@id\":\"https:\\\/\\\/simone.art.br\\\/es\\\/2020\\\/12\\\/25\\\/querida-amiga-cigarra\\\/#article\",\"isPartOf\":{\"@id\":\"https:\\\/\\\/simone.art.br\\\/es\\\/2020\\\/12\\\/25\\\/querida-amiga-cigarra\\\/\"},\"author\":{\"name\":\"admin\",\"@id\":\"https:\\\/\\\/simone.art.br\\\/es\\\/#\\\/schema\\\/person\\\/c4cc9e6ea3e65dfc619b6c93bbea3c69\"},\"headline\":\"Querida Amiga Cigarra\",\"datePublished\":\"2020-12-25T09:00:00+00:00\",\"dateModified\":\"2021-11-21T22:06:10+00:00\",\"mainEntityOfPage\":{\"@id\":\"https:\\\/\\\/simone.art.br\\\/es\\\/2020\\\/12\\\/25\\\/querida-amiga-cigarra\\\/\"},\"wordCount\":415,\"commentCount\":0,\"image\":{\"@id\":\"https:\\\/\\\/simone.art.br\\\/es\\\/2020\\\/12\\\/25\\\/querida-amiga-cigarra\\\/#primaryimage\"},\"thumbnailUrl\":\"https:\\\/\\\/simone.art.br\\\/wp-content\\\/uploads\\\/2020\\\/12\\\/post-simone-revisado.jpg\",\"keywords\":[\"simone\",\"25 de dezembro\",\"ent\u00e3o \u00e9 natal\",\"25 anos\",\"anivers\u00e1rio\"],\"articleSection\":[\"Opini\u00e3o\"],\"inLanguage\":\"es\",\"potentialAction\":[{\"@type\":\"CommentAction\",\"name\":\"Comment\",\"target\":[\"https:\\\/\\\/simone.art.br\\\/es\\\/2020\\\/12\\\/25\\\/querida-amiga-cigarra\\\/#respond\"]}]},{\"@type\":\"WebPage\",\"@id\":\"https:\\\/\\\/simone.art.br\\\/es\\\/2020\\\/12\\\/25\\\/querida-amiga-cigarra\\\/\",\"url\":\"https:\\\/\\\/simone.art.br\\\/es\\\/2020\\\/12\\\/25\\\/querida-amiga-cigarra\\\/\",\"name\":\"Querida Amiga Cigarra - Simone | Site Oficial\",\"isPartOf\":{\"@id\":\"https:\\\/\\\/simone.art.br\\\/es\\\/#website\"},\"primaryImageOfPage\":{\"@id\":\"https:\\\/\\\/simone.art.br\\\/es\\\/2020\\\/12\\\/25\\\/querida-amiga-cigarra\\\/#primaryimage\"},\"image\":{\"@id\":\"https:\\\/\\\/simone.art.br\\\/es\\\/2020\\\/12\\\/25\\\/querida-amiga-cigarra\\\/#primaryimage\"},\"thumbnailUrl\":\"https:\\\/\\\/simone.art.br\\\/wp-content\\\/uploads\\\/2020\\\/12\\\/post-simone-revisado.jpg\",\"datePublished\":\"2020-12-25T09:00:00+00:00\",\"dateModified\":\"2021-11-21T22:06:10+00:00\",\"author\":{\"@id\":\"https:\\\/\\\/simone.art.br\\\/es\\\/#\\\/schema\\\/person\\\/c4cc9e6ea3e65dfc619b6c93bbea3c69\"},\"breadcrumb\":{\"@id\":\"https:\\\/\\\/simone.art.br\\\/es\\\/2020\\\/12\\\/25\\\/querida-amiga-cigarra\\\/#breadcrumb\"},\"inLanguage\":\"es\",\"potentialAction\":[{\"@type\":\"ReadAction\",\"target\":[\"https:\\\/\\\/simone.art.br\\\/es\\\/2020\\\/12\\\/25\\\/querida-amiga-cigarra\\\/\"]}]},{\"@type\":\"ImageObject\",\"inLanguage\":\"es\",\"@id\":\"https:\\\/\\\/simone.art.br\\\/es\\\/2020\\\/12\\\/25\\\/querida-amiga-cigarra\\\/#primaryimage\",\"url\":\"https:\\\/\\\/simone.art.br\\\/wp-content\\\/uploads\\\/2020\\\/12\\\/post-simone-revisado.jpg\",\"contentUrl\":\"https:\\\/\\\/simone.art.br\\\/wp-content\\\/uploads\\\/2020\\\/12\\\/post-simone-revisado.jpg\",\"width\":1250,\"height\":1250},{\"@type\":\"BreadcrumbList\",\"@id\":\"https:\\\/\\\/simone.art.br\\\/es\\\/2020\\\/12\\\/25\\\/querida-amiga-cigarra\\\/#breadcrumb\",\"itemListElement\":[{\"@type\":\"ListItem\",\"position\":1,\"name\":\"In\u00edcio\",\"item\":\"https:\\\/\\\/simone.art.br\\\/es\\\/\"},{\"@type\":\"ListItem\",\"position\":2,\"name\":\"Querida Amiga Cigarra\"}]},{\"@type\":\"WebSite\",\"@id\":\"https:\\\/\\\/simone.art.br\\\/es\\\/#website\",\"url\":\"https:\\\/\\\/simone.art.br\\\/es\\\/\",\"name\":\"Simone | Site Oficial\",\"description\":\"O voo da Cigarra, da inf\u00e2ncia musical aos palcos do mundo!\",\"potentialAction\":[{\"@type\":\"SearchAction\",\"target\":{\"@type\":\"EntryPoint\",\"urlTemplate\":\"https:\\\/\\\/simone.art.br\\\/es\\\/?s={search_term_string}\"},\"query-input\":{\"@type\":\"PropertyValueSpecification\",\"valueRequired\":true,\"valueName\":\"search_term_string\"}}],\"inLanguage\":\"es\"},{\"@type\":\"Person\",\"@id\":\"https:\\\/\\\/simone.art.br\\\/es\\\/#\\\/schema\\\/person\\\/c4cc9e6ea3e65dfc619b6c93bbea3c69\",\"name\":\"admin\",\"image\":{\"@type\":\"ImageObject\",\"inLanguage\":\"es\",\"@id\":\"https:\\\/\\\/simone.art.br\\\/wp-content\\\/litespeed\\\/avatar\\\/6e6dedce97773a59999856b2fde6c5b2.jpg?ver=1777336984\",\"url\":\"https:\\\/\\\/simone.art.br\\\/wp-content\\\/litespeed\\\/avatar\\\/6e6dedce97773a59999856b2fde6c5b2.jpg?ver=1777336984\",\"contentUrl\":\"https:\\\/\\\/simone.art.br\\\/wp-content\\\/litespeed\\\/avatar\\\/6e6dedce97773a59999856b2fde6c5b2.jpg?ver=1777336984\",\"caption\":\"admin\"},\"url\":\"https:\\\/\\\/simone.art.br\\\/es\\\/author\\\/admin\\\/\"}]}<\/script>\n<!-- \/ Yoast SEO plugin. -->","yoast_head_json":{"title":"Querida Amiga Cigarra - Simone | Site Oficial","robots":{"index":"index","follow":"follow","max-snippet":"max-snippet:-1","max-image-preview":"max-image-preview:large","max-video-preview":"max-video-preview:-1"},"canonical":"https:\/\/simone.art.br\/es\/2020\/12\/25\/querida-amiga-cigarra\/","og_locale":"es_ES","og_type":"article","og_title":"Querida Amiga Cigarra - Simone | Site Oficial","og_description":"Querida amiga Cigarra! Y As\u00ed, lleg\u00f3 el 25 de diciembre y creo que es una hermosa fecha para escribirte. Por muchos motivos. En este a\u00f1o, donde terminamos sin mucha certeza de existir dentro de \u00e9l. Un a\u00f1o de tantas penurias [&hellip;]","og_url":"https:\/\/simone.art.br\/es\/2020\/12\/25\/querida-amiga-cigarra\/","og_site_name":"Simone | Site Oficial","article_published_time":"2020-12-25T09:00:00+00:00","article_modified_time":"2021-11-21T22:06:10+00:00","og_image":[{"width":1250,"height":1250,"url":"https:\/\/i0.wp.com\/simone.art.br\/wp-content\/uploads\/2020\/12\/post-simone-revisado.jpg?fit=1250%2C1250&ssl=1","type":"image\/jpeg"}],"author":"admin","twitter_card":"summary_large_image","twitter_misc":{"Escrito por":"admin","Tiempo de lectura":"2 minutos"},"schema":{"@context":"https:\/\/schema.org","@graph":[{"@type":"Article","@id":"https:\/\/simone.art.br\/es\/2020\/12\/25\/querida-amiga-cigarra\/#article","isPartOf":{"@id":"https:\/\/simone.art.br\/es\/2020\/12\/25\/querida-amiga-cigarra\/"},"author":{"name":"admin","@id":"https:\/\/simone.art.br\/es\/#\/schema\/person\/c4cc9e6ea3e65dfc619b6c93bbea3c69"},"headline":"Querida Amiga Cigarra","datePublished":"2020-12-25T09:00:00+00:00","dateModified":"2021-11-21T22:06:10+00:00","mainEntityOfPage":{"@id":"https:\/\/simone.art.br\/es\/2020\/12\/25\/querida-amiga-cigarra\/"},"wordCount":415,"commentCount":0,"image":{"@id":"https:\/\/simone.art.br\/es\/2020\/12\/25\/querida-amiga-cigarra\/#primaryimage"},"thumbnailUrl":"https:\/\/simone.art.br\/wp-content\/uploads\/2020\/12\/post-simone-revisado.jpg","keywords":["simone","25 de dezembro","ent\u00e3o \u00e9 natal","25 anos","anivers\u00e1rio"],"articleSection":["Opini\u00e3o"],"inLanguage":"es","potentialAction":[{"@type":"CommentAction","name":"Comment","target":["https:\/\/simone.art.br\/es\/2020\/12\/25\/querida-amiga-cigarra\/#respond"]}]},{"@type":"WebPage","@id":"https:\/\/simone.art.br\/es\/2020\/12\/25\/querida-amiga-cigarra\/","url":"https:\/\/simone.art.br\/es\/2020\/12\/25\/querida-amiga-cigarra\/","name":"Querida Amiga Cigarra - Simone | Site Oficial","isPartOf":{"@id":"https:\/\/simone.art.br\/es\/#website"},"primaryImageOfPage":{"@id":"https:\/\/simone.art.br\/es\/2020\/12\/25\/querida-amiga-cigarra\/#primaryimage"},"image":{"@id":"https:\/\/simone.art.br\/es\/2020\/12\/25\/querida-amiga-cigarra\/#primaryimage"},"thumbnailUrl":"https:\/\/simone.art.br\/wp-content\/uploads\/2020\/12\/post-simone-revisado.jpg","datePublished":"2020-12-25T09:00:00+00:00","dateModified":"2021-11-21T22:06:10+00:00","author":{"@id":"https:\/\/simone.art.br\/es\/#\/schema\/person\/c4cc9e6ea3e65dfc619b6c93bbea3c69"},"breadcrumb":{"@id":"https:\/\/simone.art.br\/es\/2020\/12\/25\/querida-amiga-cigarra\/#breadcrumb"},"inLanguage":"es","potentialAction":[{"@type":"ReadAction","target":["https:\/\/simone.art.br\/es\/2020\/12\/25\/querida-amiga-cigarra\/"]}]},{"@type":"ImageObject","inLanguage":"es","@id":"https:\/\/simone.art.br\/es\/2020\/12\/25\/querida-amiga-cigarra\/#primaryimage","url":"https:\/\/simone.art.br\/wp-content\/uploads\/2020\/12\/post-simone-revisado.jpg","contentUrl":"https:\/\/simone.art.br\/wp-content\/uploads\/2020\/12\/post-simone-revisado.jpg","width":1250,"height":1250},{"@type":"BreadcrumbList","@id":"https:\/\/simone.art.br\/es\/2020\/12\/25\/querida-amiga-cigarra\/#breadcrumb","itemListElement":[{"@type":"ListItem","position":1,"name":"In\u00edcio","item":"https:\/\/simone.art.br\/es\/"},{"@type":"ListItem","position":2,"name":"Querida Amiga Cigarra"}]},{"@type":"WebSite","@id":"https:\/\/simone.art.br\/es\/#website","url":"https:\/\/simone.art.br\/es\/","name":"Simone | Site Oficial","description":"O voo da Cigarra, da inf\u00e2ncia musical aos palcos do mundo!","potentialAction":[{"@type":"SearchAction","target":{"@type":"EntryPoint","urlTemplate":"https:\/\/simone.art.br\/es\/?s={search_term_string}"},"query-input":{"@type":"PropertyValueSpecification","valueRequired":true,"valueName":"search_term_string"}}],"inLanguage":"es"},{"@type":"Person","@id":"https:\/\/simone.art.br\/es\/#\/schema\/person\/c4cc9e6ea3e65dfc619b6c93bbea3c69","name":"admin","image":{"@type":"ImageObject","inLanguage":"es","@id":"https:\/\/simone.art.br\/wp-content\/litespeed\/avatar\/6e6dedce97773a59999856b2fde6c5b2.jpg?ver=1777336984","url":"https:\/\/simone.art.br\/wp-content\/litespeed\/avatar\/6e6dedce97773a59999856b2fde6c5b2.jpg?ver=1777336984","contentUrl":"https:\/\/simone.art.br\/wp-content\/litespeed\/avatar\/6e6dedce97773a59999856b2fde6c5b2.jpg?ver=1777336984","caption":"admin"},"url":"https:\/\/simone.art.br\/es\/author\/admin\/"}]}},"_links":{"self":[{"href":"https:\/\/simone.art.br\/es\/wp-json\/wp\/v2\/posts\/5397","targetHints":{"allow":["GET"]}}],"collection":[{"href":"https:\/\/simone.art.br\/es\/wp-json\/wp\/v2\/posts"}],"about":[{"href":"https:\/\/simone.art.br\/es\/wp-json\/wp\/v2\/types\/post"}],"author":[{"embeddable":true,"href":"https:\/\/simone.art.br\/es\/wp-json\/wp\/v2\/users\/1"}],"replies":[{"embeddable":true,"href":"https:\/\/simone.art.br\/es\/wp-json\/wp\/v2\/comments?post=5397"}],"version-history":[{"count":3,"href":"https:\/\/simone.art.br\/es\/wp-json\/wp\/v2\/posts\/5397\/revisions"}],"predecessor-version":[{"id":5400,"href":"https:\/\/simone.art.br\/es\/wp-json\/wp\/v2\/posts\/5397\/revisions\/5400"}],"wp:featuredmedia":[{"embeddable":true,"href":"https:\/\/simone.art.br\/es\/wp-json\/wp\/v2\/media\/4842"}],"wp:attachment":[{"href":"https:\/\/simone.art.br\/es\/wp-json\/wp\/v2\/media?parent=5397"}],"wp:term":[{"taxonomy":"category","embeddable":true,"href":"https:\/\/simone.art.br\/es\/wp-json\/wp\/v2\/categories?post=5397"},{"taxonomy":"post_tag","embeddable":true,"href":"https:\/\/simone.art.br\/es\/wp-json\/wp\/v2\/tags?post=5397"}],"curies":[{"name":"wp","href":"https:\/\/api.w.org\/{rel}","templated":true}]}}