{"id":5401,"date":"2020-12-15T12:50:21","date_gmt":"2020-12-15T15:50:21","guid":{"rendered":"http:\/\/simone.art.br\/2020\/12\/15\/25-anos-do-album-25-de-dezembro\/"},"modified":"2021-11-21T19:14:46","modified_gmt":"2021-11-21T22:14:46","slug":"25-anos-del-album-25-de-diciembre","status":"publish","type":"post","link":"https:\/\/simone.art.br\/es\/2020\/12\/15\/25-anos-del-album-25-de-diciembre\/","title":{"rendered":"25 a\u00f1os del \u00e1lbum 25 DE DICIEMBRE"},"content":{"rendered":"\t\t<div data-elementor-type=\"wp-post\" data-elementor-id=\"5401\" class=\"elementor elementor-5401 elementor-3948\" data-elementor-post-type=\"post\">\n\t\t\t\t\t\t<section class=\"elementor-section elementor-top-section elementor-element elementor-element-46e993e5 elementor-section-boxed elementor-section-height-default elementor-section-height-default\" data-id=\"46e993e5\" data-element_type=\"section\">\n\t\t\t\t\t\t<div class=\"elementor-container elementor-column-gap-default\">\n\t\t\t\t\t<div class=\"elementor-column elementor-col-100 elementor-top-column elementor-element elementor-element-29fda932\" data-id=\"29fda932\" data-element_type=\"column\">\n\t\t\t<div class=\"elementor-widget-wrap elementor-element-populated\">\n\t\t\t\t\t\t<div class=\"elementor-element elementor-element-e82eb22 elementor-widget elementor-widget-text-editor\" data-id=\"e82eb22\" data-element_type=\"widget\" data-widget_type=\"text-editor.default\">\n\t\t\t\t<div class=\"elementor-widget-container\">\n\t\t\t\t\t\t\t\t\t<p><span style=\"font-weight: 400;\">Siempre me han gustado Simone, Elvis Presley y la Navidad. Los tres\u00a0 en el mismo orden. \u00bfY qu\u00e9 tienen en com\u00fan? No creo que te puedas imaginar.<\/span><\/p><p><span style=\"font-weight: 400;\">En San Francisco tengo amigos muy interesantes que llevan aqu\u00ed m\u00e1s de 50 a\u00f1os. Han vivido en Estados Unidos m\u00e1s tiempo que en Brasil y creo que esta experiencia les dio la misi\u00f3n de educarme en la cultura norteamericana desde que llegu\u00e9 hace 20 a\u00f1os. Dos de ellos, locutores, hicieron realidad mi sue\u00f1o de conocer un estudio, con una consola de sonido, mezclando y ayudando detr\u00e1s de escena de muchos espect\u00e1culos en Berkeley.<\/span><\/p><p><span style=\"font-weight: 400;\">Recientemente, aprend\u00ed de ellos lo importante que es el \u00e1lbum de Simone <\/span><i><span style=\"font-weight: 400;\">\u201c<\/span><\/i><b><i>25 DE DEZEMBRO\u201d<\/i><\/b><span style=\"font-weight: 400;\"> para las estaciones de radio brasile\u00f1as en Estados Unidos.<\/span><\/p><p><span style=\"font-weight: 400;\">Cuando llega la Navidad por aqu\u00ed, justo despu\u00e9s del D\u00eda de Acci\u00f3n de Gracias, las luces llenan las ciudades, las casas comienzan a decorarse y algunas radios solo ponen canciones navide\u00f1as.<\/span><\/p><p><span style=\"font-weight: 400;\">La historia de los \u00e1lbumes navide\u00f1os comenz\u00f3 en 1957 cuando Elvis Presley lanz\u00f3 <\/span><i><span style=\"font-weight: 400;\">\u00abElvis Christmas Album\u00bb <\/span><\/i><span style=\"font-weight: 400;\">revolucionando la tradici\u00f3n de Christmas Carols(Villancicos). Irving Berlin, autor de la canci\u00f3n &#8216;<\/span><i><span style=\"font-weight: 400;\">White Christmas<\/span><\/i><span style=\"font-weight: 400;\">&#8216;, se enfureci\u00f3 tanto con la versi\u00f3n grabada por Elvis que puso a todos sus empleados en contacto con la radio para prohibir a Elvis en los programas musicales. Sin embargo, contrariamente a lo que quer\u00eda Berlin, el \u00e1lbum de Elvis encabez\u00f3 todas las listas de \u00e9xitos durante un mes y vendi\u00f3 m\u00e1s de 50 millones de copias.<\/span><\/p><p><span style=\"font-weight: 400;\">Elvis marc\u00f3 el comienzo de una era de tradiciones navide\u00f1as en la industria de la m\u00fasica con la salida de las canciones navide\u00f1as de los coros religiosos a versiones de rock&#8217;nroll y soul, grabadas y disponibles para tocar en los hogares en cualquier aparato de sonido.<\/span><\/p><p><span style=\"font-weight: 400;\">Pero, <\/span><b>&#8216;<\/b><b><i>25 de Dezembro&#8217;<\/i><\/b><span style=\"font-weight: 400;\"> vendi\u00f3 m\u00e1s de mill\u00f3n y medio de copias en portugu\u00e9s y m\u00e1s de dos millones en su versi\u00f3n en espa\u00f1ol.<\/span><\/p><p><span style=\"font-weight: 400;\">La canci\u00f3n <\/span><i><span style=\"font-weight: 400;\">\u201c<\/span><\/i><b><i>Ent\u00e3o \u00e9 Natal<\/i><\/b><i><span style=\"font-weight: 400;\">\u201d<\/span><\/i><span style=\"font-weight: 400;\"> (<\/span><b>HappyXmas &#8211; War is over<\/b><span style=\"font-weight: 400;\">, compuesta por John Lennon y Yoko Ono y versi\u00f3n de Claudio Rabello) comenz\u00f3 a competir con las versiones internacionales y se convirti\u00f3 en la favorita del p\u00fablico brasile\u00f1o.<\/span><\/p><p><span style=\"font-weight: 400;\">Desde 1995, las estaciones de radio de Brasil y Estados Unidos, dicen mis amigos, pueden poner canciones navide\u00f1as con la voz de una mujer brasile\u00f1a, la Cigarra.<\/span><\/p><p><span style=\"font-weight: 400;\">El disco <\/span><b>&#8216;<\/b><b><i>25 de Dezembro&#8217;<\/i><\/b><span style=\"font-weight: 400;\">, que dio a conocer a Simone a una generaci\u00f3n que hasta entonces no la conoc\u00eda, sigue ocupando el primer lugar en pedidos de la comunidad brasile\u00f1a en Estados Unidos.<\/span><\/p><p><span style=\"font-weight: 400;\">La poes\u00eda del <\/span><b>&#8216;<\/b><b><i>25 de Dezembro&#8217;<\/i><\/b><span style=\"font-weight: 400;\"> trajo la melod\u00eda y el timbre acogedor de la voz de Simone.<\/span><\/p><p><span style=\"font-weight: 400;\">Para aquellos que est\u00e1n lejos de casa, las versiones en portugu\u00e9s y espa\u00f1ol alivian la nostalgia y traen paz en tiempos confusos.<\/span><\/p><p><span style=\"font-weight: 400;\">\u00a0\u201cLLeg\u00f3 Navidad\u201d canta en estos tiempos, manteniendo el disco tan actual como hace 25 a\u00f1os.<\/span><\/p><p>\u00a0<\/p><p><i><span style=\"font-weight: 400;\">Lleg\u00f3 Navidad<br \/><\/span><\/i><i><span style=\"font-weight: 400;\">Y es noche de amor<br \/><\/span><\/i><i><span style=\"font-weight: 400;\">Ricos y pobres<br \/><\/span><\/i><i><span style=\"font-weight: 400;\">En un solo coraz\u00f3n<\/span><\/i><\/p><p><i><span style=\"font-weight: 400;\">Fel\u00edz Navidad<br \/><\/span><\/i><i><span style=\"font-weight: 400;\">A blancos y negros<br \/><\/span><\/i><i><span style=\"font-weight: 400;\">Amarillos e indios<br \/><\/span><\/i><i><span style=\"font-weight: 400;\">Que vivan en paz<\/span><\/i><\/p><p><span style=\"font-weight: 400;\">Fel\u00edz Navidad\u00a0<br \/><\/span><span style=\"font-weight: 400;\">Fel\u00edz a\u00f1o nuevo<br \/><\/span><span style=\"font-weight: 400;\">Que sea muy bueno<br \/><\/span><span style=\"font-weight: 400;\">Sin miedo y paz<\/span><\/p><p>\u00a0<\/p><p><b>Claudia Guedes<\/b><\/p><p>\u00a0<\/p><p><span style=\"font-weight: 400;\">Referencias<\/span><span style=\"font-weight: 400;\"><br \/><\/span><span style=\"font-weight: 400;\">https:\/\/www.rollingstone.com\/music\/music-lists\/40-essential-christmas-albums-35316\/various-artists-christmas-in-soulsville-221540\/<\/span><span style=\"font-weight: 400;\"><br \/><\/span><span style=\"font-weight: 400;\">https:\/\/musicabrasileira.org\/simone-25-de-dezembro\/<\/span><span style=\"font-weight: 400;\"><br \/><\/span><span style=\"font-weight: 400;\">https:\/\/pt.wikipedia.org\/wiki\/25_de_Dezembro_(%C3%A1lbum)<\/span><span style=\"font-weight: 400;\"><br \/><\/span><span style=\"font-weight: 400;\">https:\/\/portalpopline.com.br\/simone-diz-sofrer-bullying-por-disco-de-natal-me-pegaram-pra-cristo\/<\/span><span style=\"font-weight: 400;\"><br \/><\/span><span style=\"font-weight: 400;\">blognotasmusicais.com.br\/2015\/12\/25-de-dezembro-o-disco-natalino-de.html<\/span><span style=\"font-weight: 400;\"><br \/><\/span><span style=\"font-weight: 400;\">Masson, Celso. O tren\u00f3 Brasileiro. Revista Veja, 4 de Dezembro de 1996. P 159.<\/span><span style=\"font-weight: 400;\"><br \/><\/span><span style=\"font-weight: 400;\">https:\/\/en.wikipedia.org\/wiki\/Merry_Christmas_(Bing_Crosby_album)<\/span><\/p>\t\t\t\t\t\t\t\t<\/div>\n\t\t\t\t<\/div>\n\t\t\t\t\t<\/div>\n\t\t<\/div>\n\t\t\t\t\t<\/div>\n\t\t<\/section>\n\t\t\t\t<\/div>\n\t\t","protected":false},"excerpt":{"rendered":"<p>Siempre me han gustado Simone, Elvis Presley y la Navidad. Los tres&nbsp; en el mismo orden. \u00bfY qu\u00e9 tienen en com\u00fan? No creo que te puedas imaginar. En San Francisco tengo amigos muy interesantes que llevan aqu\u00ed m\u00e1s de 50 [&hellip;]<\/p>\n","protected":false},"author":1,"featured_media":4823,"comment_status":"open","ping_status":"open","sticky":false,"template":"","format":"standard","meta":{"inline_featured_image":false,"footnotes":""},"categories":[97],"tags":[99,103,104,105,106],"class_list":["post-5401","post","type-post","status-publish","format-standard","has-post-thumbnail","hentry","category-opiniao-es","tag-simone-es","tag-25-de-dezembro-es","tag-entao-e-natal-es","tag-25-anos-es","tag-aniversario-es"],"yoast_head":"<!-- This site is optimized with the Yoast SEO plugin v27.4 - https:\/\/yoast.com\/product\/yoast-seo-wordpress\/ -->\n<title>25 a\u00f1os del \u00e1lbum 25 DE DICIEMBRE - Simone | Site Oficial<\/title>\n<meta name=\"robots\" content=\"index, follow, max-snippet:-1, max-image-preview:large, max-video-preview:-1\" \/>\n<link rel=\"canonical\" href=\"https:\/\/simone.art.br\/es\/2020\/12\/15\/25-anos-del-album-25-de-diciembre\/\" \/>\n<meta property=\"og:locale\" content=\"es_ES\" \/>\n<meta property=\"og:type\" content=\"article\" \/>\n<meta property=\"og:title\" content=\"25 a\u00f1os del \u00e1lbum 25 DE DICIEMBRE - Simone | Site Oficial\" \/>\n<meta property=\"og:description\" content=\"Siempre me han gustado Simone, Elvis Presley y la Navidad. Los tres&nbsp; en el mismo orden. \u00bfY qu\u00e9 tienen en com\u00fan? No creo que te puedas imaginar. En San Francisco tengo amigos muy interesantes que llevan aqu\u00ed m\u00e1s de 50 [&hellip;]\" \/>\n<meta property=\"og:url\" content=\"https:\/\/simone.art.br\/es\/2020\/12\/15\/25-anos-del-album-25-de-diciembre\/\" \/>\n<meta property=\"og:site_name\" content=\"Simone | Site Oficial\" \/>\n<meta property=\"article:published_time\" content=\"2020-12-15T15:50:21+00:00\" \/>\n<meta property=\"article:modified_time\" content=\"2021-11-21T22:14:46+00:00\" \/>\n<meta property=\"og:image\" content=\"https:\/\/i0.wp.com\/simone.art.br\/wp-content\/uploads\/2020\/12\/post-simone-25-dezembro.jpg?fit=1250%2C1250&ssl=1\" \/>\n\t<meta property=\"og:image:width\" content=\"1250\" \/>\n\t<meta property=\"og:image:height\" content=\"1250\" \/>\n\t<meta property=\"og:image:type\" content=\"image\/jpeg\" \/>\n<meta name=\"author\" content=\"admin\" \/>\n<meta name=\"twitter:card\" content=\"summary_large_image\" \/>\n<meta name=\"twitter:label1\" content=\"Escrito por\" \/>\n\t<meta name=\"twitter:data1\" content=\"admin\" \/>\n\t<meta name=\"twitter:label2\" content=\"Tiempo de lectura\" \/>\n\t<meta name=\"twitter:data2\" content=\"3 minutos\" \/>\n<script type=\"application\/ld+json\" class=\"yoast-schema-graph\">{\"@context\":\"https:\\\/\\\/schema.org\",\"@graph\":[{\"@type\":\"Article\",\"@id\":\"https:\\\/\\\/simone.art.br\\\/es\\\/2020\\\/12\\\/15\\\/25-anos-del-album-25-de-diciembre\\\/#article\",\"isPartOf\":{\"@id\":\"https:\\\/\\\/simone.art.br\\\/es\\\/2020\\\/12\\\/15\\\/25-anos-del-album-25-de-diciembre\\\/\"},\"author\":{\"name\":\"admin\",\"@id\":\"https:\\\/\\\/simone.art.br\\\/es\\\/#\\\/schema\\\/person\\\/c4cc9e6ea3e65dfc619b6c93bbea3c69\"},\"headline\":\"25 a\u00f1os del \u00e1lbum 25 DE DICIEMBRE\",\"datePublished\":\"2020-12-15T15:50:21+00:00\",\"dateModified\":\"2021-11-21T22:14:46+00:00\",\"mainEntityOfPage\":{\"@id\":\"https:\\\/\\\/simone.art.br\\\/es\\\/2020\\\/12\\\/15\\\/25-anos-del-album-25-de-diciembre\\\/\"},\"wordCount\":613,\"commentCount\":0,\"image\":{\"@id\":\"https:\\\/\\\/simone.art.br\\\/es\\\/2020\\\/12\\\/15\\\/25-anos-del-album-25-de-diciembre\\\/#primaryimage\"},\"thumbnailUrl\":\"https:\\\/\\\/simone.art.br\\\/wp-content\\\/uploads\\\/2020\\\/12\\\/post-simone-25-dezembro.jpg\",\"keywords\":[\"simone\",\"25 de dezembro\",\"ent\u00e3o \u00e9 natal\",\"25 anos\",\"anivers\u00e1rio\"],\"articleSection\":[\"Opini\u00e3o\"],\"inLanguage\":\"es\",\"potentialAction\":[{\"@type\":\"CommentAction\",\"name\":\"Comment\",\"target\":[\"https:\\\/\\\/simone.art.br\\\/es\\\/2020\\\/12\\\/15\\\/25-anos-del-album-25-de-diciembre\\\/#respond\"]}]},{\"@type\":\"WebPage\",\"@id\":\"https:\\\/\\\/simone.art.br\\\/es\\\/2020\\\/12\\\/15\\\/25-anos-del-album-25-de-diciembre\\\/\",\"url\":\"https:\\\/\\\/simone.art.br\\\/es\\\/2020\\\/12\\\/15\\\/25-anos-del-album-25-de-diciembre\\\/\",\"name\":\"25 a\u00f1os del \u00e1lbum 25 DE DICIEMBRE - Simone | Site Oficial\",\"isPartOf\":{\"@id\":\"https:\\\/\\\/simone.art.br\\\/es\\\/#website\"},\"primaryImageOfPage\":{\"@id\":\"https:\\\/\\\/simone.art.br\\\/es\\\/2020\\\/12\\\/15\\\/25-anos-del-album-25-de-diciembre\\\/#primaryimage\"},\"image\":{\"@id\":\"https:\\\/\\\/simone.art.br\\\/es\\\/2020\\\/12\\\/15\\\/25-anos-del-album-25-de-diciembre\\\/#primaryimage\"},\"thumbnailUrl\":\"https:\\\/\\\/simone.art.br\\\/wp-content\\\/uploads\\\/2020\\\/12\\\/post-simone-25-dezembro.jpg\",\"datePublished\":\"2020-12-15T15:50:21+00:00\",\"dateModified\":\"2021-11-21T22:14:46+00:00\",\"author\":{\"@id\":\"https:\\\/\\\/simone.art.br\\\/es\\\/#\\\/schema\\\/person\\\/c4cc9e6ea3e65dfc619b6c93bbea3c69\"},\"breadcrumb\":{\"@id\":\"https:\\\/\\\/simone.art.br\\\/es\\\/2020\\\/12\\\/15\\\/25-anos-del-album-25-de-diciembre\\\/#breadcrumb\"},\"inLanguage\":\"es\",\"potentialAction\":[{\"@type\":\"ReadAction\",\"target\":[\"https:\\\/\\\/simone.art.br\\\/es\\\/2020\\\/12\\\/15\\\/25-anos-del-album-25-de-diciembre\\\/\"]}]},{\"@type\":\"ImageObject\",\"inLanguage\":\"es\",\"@id\":\"https:\\\/\\\/simone.art.br\\\/es\\\/2020\\\/12\\\/15\\\/25-anos-del-album-25-de-diciembre\\\/#primaryimage\",\"url\":\"https:\\\/\\\/simone.art.br\\\/wp-content\\\/uploads\\\/2020\\\/12\\\/post-simone-25-dezembro.jpg\",\"contentUrl\":\"https:\\\/\\\/simone.art.br\\\/wp-content\\\/uploads\\\/2020\\\/12\\\/post-simone-25-dezembro.jpg\",\"width\":1250,\"height\":1250},{\"@type\":\"BreadcrumbList\",\"@id\":\"https:\\\/\\\/simone.art.br\\\/es\\\/2020\\\/12\\\/15\\\/25-anos-del-album-25-de-diciembre\\\/#breadcrumb\",\"itemListElement\":[{\"@type\":\"ListItem\",\"position\":1,\"name\":\"In\u00edcio\",\"item\":\"https:\\\/\\\/simone.art.br\\\/es\\\/\"},{\"@type\":\"ListItem\",\"position\":2,\"name\":\"25 a\u00f1os del \u00e1lbum 25 DE DICIEMBRE\"}]},{\"@type\":\"WebSite\",\"@id\":\"https:\\\/\\\/simone.art.br\\\/es\\\/#website\",\"url\":\"https:\\\/\\\/simone.art.br\\\/es\\\/\",\"name\":\"Simone | Site Oficial\",\"description\":\"O voo da Cigarra, da inf\u00e2ncia musical aos palcos do mundo!\",\"potentialAction\":[{\"@type\":\"SearchAction\",\"target\":{\"@type\":\"EntryPoint\",\"urlTemplate\":\"https:\\\/\\\/simone.art.br\\\/es\\\/?s={search_term_string}\"},\"query-input\":{\"@type\":\"PropertyValueSpecification\",\"valueRequired\":true,\"valueName\":\"search_term_string\"}}],\"inLanguage\":\"es\"},{\"@type\":\"Person\",\"@id\":\"https:\\\/\\\/simone.art.br\\\/es\\\/#\\\/schema\\\/person\\\/c4cc9e6ea3e65dfc619b6c93bbea3c69\",\"name\":\"admin\",\"image\":{\"@type\":\"ImageObject\",\"inLanguage\":\"es\",\"@id\":\"https:\\\/\\\/simone.art.br\\\/wp-content\\\/litespeed\\\/avatar\\\/6e6dedce97773a59999856b2fde6c5b2.jpg?ver=1776731934\",\"url\":\"https:\\\/\\\/simone.art.br\\\/wp-content\\\/litespeed\\\/avatar\\\/6e6dedce97773a59999856b2fde6c5b2.jpg?ver=1776731934\",\"contentUrl\":\"https:\\\/\\\/simone.art.br\\\/wp-content\\\/litespeed\\\/avatar\\\/6e6dedce97773a59999856b2fde6c5b2.jpg?ver=1776731934\",\"caption\":\"admin\"},\"url\":\"https:\\\/\\\/simone.art.br\\\/es\\\/author\\\/admin\\\/\"}]}<\/script>\n<!-- \/ Yoast SEO plugin. -->","yoast_head_json":{"title":"25 a\u00f1os del \u00e1lbum 25 DE DICIEMBRE - Simone | Site Oficial","robots":{"index":"index","follow":"follow","max-snippet":"max-snippet:-1","max-image-preview":"max-image-preview:large","max-video-preview":"max-video-preview:-1"},"canonical":"https:\/\/simone.art.br\/es\/2020\/12\/15\/25-anos-del-album-25-de-diciembre\/","og_locale":"es_ES","og_type":"article","og_title":"25 a\u00f1os del \u00e1lbum 25 DE DICIEMBRE - Simone | Site Oficial","og_description":"Siempre me han gustado Simone, Elvis Presley y la Navidad. Los tres&nbsp; en el mismo orden. \u00bfY qu\u00e9 tienen en com\u00fan? No creo que te puedas imaginar. En San Francisco tengo amigos muy interesantes que llevan aqu\u00ed m\u00e1s de 50 [&hellip;]","og_url":"https:\/\/simone.art.br\/es\/2020\/12\/15\/25-anos-del-album-25-de-diciembre\/","og_site_name":"Simone | Site Oficial","article_published_time":"2020-12-15T15:50:21+00:00","article_modified_time":"2021-11-21T22:14:46+00:00","og_image":[{"width":1250,"height":1250,"url":"https:\/\/i0.wp.com\/simone.art.br\/wp-content\/uploads\/2020\/12\/post-simone-25-dezembro.jpg?fit=1250%2C1250&ssl=1","type":"image\/jpeg"}],"author":"admin","twitter_card":"summary_large_image","twitter_misc":{"Escrito por":"admin","Tiempo de lectura":"3 minutos"},"schema":{"@context":"https:\/\/schema.org","@graph":[{"@type":"Article","@id":"https:\/\/simone.art.br\/es\/2020\/12\/15\/25-anos-del-album-25-de-diciembre\/#article","isPartOf":{"@id":"https:\/\/simone.art.br\/es\/2020\/12\/15\/25-anos-del-album-25-de-diciembre\/"},"author":{"name":"admin","@id":"https:\/\/simone.art.br\/es\/#\/schema\/person\/c4cc9e6ea3e65dfc619b6c93bbea3c69"},"headline":"25 a\u00f1os del \u00e1lbum 25 DE DICIEMBRE","datePublished":"2020-12-15T15:50:21+00:00","dateModified":"2021-11-21T22:14:46+00:00","mainEntityOfPage":{"@id":"https:\/\/simone.art.br\/es\/2020\/12\/15\/25-anos-del-album-25-de-diciembre\/"},"wordCount":613,"commentCount":0,"image":{"@id":"https:\/\/simone.art.br\/es\/2020\/12\/15\/25-anos-del-album-25-de-diciembre\/#primaryimage"},"thumbnailUrl":"https:\/\/simone.art.br\/wp-content\/uploads\/2020\/12\/post-simone-25-dezembro.jpg","keywords":["simone","25 de dezembro","ent\u00e3o \u00e9 natal","25 anos","anivers\u00e1rio"],"articleSection":["Opini\u00e3o"],"inLanguage":"es","potentialAction":[{"@type":"CommentAction","name":"Comment","target":["https:\/\/simone.art.br\/es\/2020\/12\/15\/25-anos-del-album-25-de-diciembre\/#respond"]}]},{"@type":"WebPage","@id":"https:\/\/simone.art.br\/es\/2020\/12\/15\/25-anos-del-album-25-de-diciembre\/","url":"https:\/\/simone.art.br\/es\/2020\/12\/15\/25-anos-del-album-25-de-diciembre\/","name":"25 a\u00f1os del \u00e1lbum 25 DE DICIEMBRE - Simone | Site Oficial","isPartOf":{"@id":"https:\/\/simone.art.br\/es\/#website"},"primaryImageOfPage":{"@id":"https:\/\/simone.art.br\/es\/2020\/12\/15\/25-anos-del-album-25-de-diciembre\/#primaryimage"},"image":{"@id":"https:\/\/simone.art.br\/es\/2020\/12\/15\/25-anos-del-album-25-de-diciembre\/#primaryimage"},"thumbnailUrl":"https:\/\/simone.art.br\/wp-content\/uploads\/2020\/12\/post-simone-25-dezembro.jpg","datePublished":"2020-12-15T15:50:21+00:00","dateModified":"2021-11-21T22:14:46+00:00","author":{"@id":"https:\/\/simone.art.br\/es\/#\/schema\/person\/c4cc9e6ea3e65dfc619b6c93bbea3c69"},"breadcrumb":{"@id":"https:\/\/simone.art.br\/es\/2020\/12\/15\/25-anos-del-album-25-de-diciembre\/#breadcrumb"},"inLanguage":"es","potentialAction":[{"@type":"ReadAction","target":["https:\/\/simone.art.br\/es\/2020\/12\/15\/25-anos-del-album-25-de-diciembre\/"]}]},{"@type":"ImageObject","inLanguage":"es","@id":"https:\/\/simone.art.br\/es\/2020\/12\/15\/25-anos-del-album-25-de-diciembre\/#primaryimage","url":"https:\/\/simone.art.br\/wp-content\/uploads\/2020\/12\/post-simone-25-dezembro.jpg","contentUrl":"https:\/\/simone.art.br\/wp-content\/uploads\/2020\/12\/post-simone-25-dezembro.jpg","width":1250,"height":1250},{"@type":"BreadcrumbList","@id":"https:\/\/simone.art.br\/es\/2020\/12\/15\/25-anos-del-album-25-de-diciembre\/#breadcrumb","itemListElement":[{"@type":"ListItem","position":1,"name":"In\u00edcio","item":"https:\/\/simone.art.br\/es\/"},{"@type":"ListItem","position":2,"name":"25 a\u00f1os del \u00e1lbum 25 DE DICIEMBRE"}]},{"@type":"WebSite","@id":"https:\/\/simone.art.br\/es\/#website","url":"https:\/\/simone.art.br\/es\/","name":"Simone | Site Oficial","description":"O voo da Cigarra, da inf\u00e2ncia musical aos palcos do mundo!","potentialAction":[{"@type":"SearchAction","target":{"@type":"EntryPoint","urlTemplate":"https:\/\/simone.art.br\/es\/?s={search_term_string}"},"query-input":{"@type":"PropertyValueSpecification","valueRequired":true,"valueName":"search_term_string"}}],"inLanguage":"es"},{"@type":"Person","@id":"https:\/\/simone.art.br\/es\/#\/schema\/person\/c4cc9e6ea3e65dfc619b6c93bbea3c69","name":"admin","image":{"@type":"ImageObject","inLanguage":"es","@id":"https:\/\/simone.art.br\/wp-content\/litespeed\/avatar\/6e6dedce97773a59999856b2fde6c5b2.jpg?ver=1776731934","url":"https:\/\/simone.art.br\/wp-content\/litespeed\/avatar\/6e6dedce97773a59999856b2fde6c5b2.jpg?ver=1776731934","contentUrl":"https:\/\/simone.art.br\/wp-content\/litespeed\/avatar\/6e6dedce97773a59999856b2fde6c5b2.jpg?ver=1776731934","caption":"admin"},"url":"https:\/\/simone.art.br\/es\/author\/admin\/"}]}},"_links":{"self":[{"href":"https:\/\/simone.art.br\/es\/wp-json\/wp\/v2\/posts\/5401","targetHints":{"allow":["GET"]}}],"collection":[{"href":"https:\/\/simone.art.br\/es\/wp-json\/wp\/v2\/posts"}],"about":[{"href":"https:\/\/simone.art.br\/es\/wp-json\/wp\/v2\/types\/post"}],"author":[{"embeddable":true,"href":"https:\/\/simone.art.br\/es\/wp-json\/wp\/v2\/users\/1"}],"replies":[{"embeddable":true,"href":"https:\/\/simone.art.br\/es\/wp-json\/wp\/v2\/comments?post=5401"}],"version-history":[{"count":4,"href":"https:\/\/simone.art.br\/es\/wp-json\/wp\/v2\/posts\/5401\/revisions"}],"predecessor-version":[{"id":5405,"href":"https:\/\/simone.art.br\/es\/wp-json\/wp\/v2\/posts\/5401\/revisions\/5405"}],"wp:featuredmedia":[{"embeddable":true,"href":"https:\/\/simone.art.br\/es\/wp-json\/wp\/v2\/media\/4823"}],"wp:attachment":[{"href":"https:\/\/simone.art.br\/es\/wp-json\/wp\/v2\/media?parent=5401"}],"wp:term":[{"taxonomy":"category","embeddable":true,"href":"https:\/\/simone.art.br\/es\/wp-json\/wp\/v2\/categories?post=5401"},{"taxonomy":"post_tag","embeddable":true,"href":"https:\/\/simone.art.br\/es\/wp-json\/wp\/v2\/tags?post=5401"}],"curies":[{"name":"wp","href":"https:\/\/api.w.org\/{rel}","templated":true}]}}