{"id":5420,"date":"2020-02-06T21:58:41","date_gmt":"2020-02-07T00:58:41","guid":{"rendered":"http:\/\/simone.art.br\/2020\/02\/06\/tunai-se-vai-fica-a-saudade\/"},"modified":"2021-11-21T19:37:49","modified_gmt":"2021-11-21T22:37:49","slug":"tunai-se-ha-ido-te-extrano","status":"publish","type":"post","link":"https:\/\/simone.art.br\/es\/2020\/02\/06\/tunai-se-ha-ido-te-extrano\/","title":{"rendered":"Tunai se ha ido, te extra\u00f1o"},"content":{"rendered":"\t\t<div data-elementor-type=\"wp-post\" data-elementor-id=\"5420\" class=\"elementor elementor-5420 elementor-3485\" data-elementor-post-type=\"post\">\n\t\t\t\t\t\t<section class=\"elementor-section elementor-top-section elementor-element elementor-element-46e993e5 elementor-section-boxed elementor-section-height-default elementor-section-height-default\" data-id=\"46e993e5\" data-element_type=\"section\">\n\t\t\t\t\t\t<div class=\"elementor-container elementor-column-gap-default\">\n\t\t\t\t\t<div class=\"elementor-column elementor-col-100 elementor-top-column elementor-element elementor-element-29fda932\" data-id=\"29fda932\" data-element_type=\"column\">\n\t\t\t<div class=\"elementor-widget-wrap elementor-element-populated\">\n\t\t\t\t\t\t<div class=\"elementor-element elementor-element-e82eb22 elementor-widget elementor-widget-text-editor\" data-id=\"e82eb22\" data-element_type=\"widget\" data-widget_type=\"text-editor.default\">\n\t\t\t\t<div class=\"elementor-widget-container\">\n\t\t\t\t\t\t\t\t\t<h2><b>Toda una vida de asociaciones en sinton\u00eda con\u00a0 la Cigarra<\/b><\/h2><p><span style=\"font-weight: 400;\">El a\u00f1o 2020 comenz\u00f3 con una triste noticia. La p\u00e9rdida de Tunai, v\u00edctima de un paro card\u00edaco en la madrugada del 26 de enero, fue tan repentina que todos necesitamos unos d\u00edas para asimilar lo sucedido. El compositor fue un querido compa\u00f1ero de Simone en los a\u00f1os 80, con temas emblem\u00e1ticos como<\/span> <a href=\"https:\/\/open.spotify.com\/track\/4axwWYAjC9PzH77DyI1Yul\" target=\"_blank\" rel=\"noopener\">\u201cS\u00f3 de amor\u201d<\/a> y\u00a0<a href=\"https:\/\/open.spotify.com\/track\/2BT1NL71FRbiPWcTqMDRvO\" target=\"_blank\" rel=\"noopener\">\u201cDepois das dez\u201d<\/a><i><span style=\"font-weight: 400;\">,<\/span><\/i><span style=\"font-weight: 400;\"> ambos del disco <\/span><i><span style=\"font-weight: 400;\">\u201cDel\u00edrios, Del\u00edcias\u201d,<\/span><\/i><span style=\"font-weight: 400;\"> escrito junto a S\u00e9rgio Natureza.<\/span><\/p><p><span style=\"font-weight: 400;\">Como la Cigarra, Tunai era de una familia de m\u00fasicos. Mineiro de Ponte Nova, Jos\u00e9 Ant\u00f4nio de Freitas Mucci aprendi\u00f3 las primeras nociones de m\u00fasica con su madre, creadora de un grupo de seresta(g\u00e9nero musical) y un coro de 40 voces. Su hermana era crooner y su hermano no es otro que Jo\u00e3o Bosco. Como Jo\u00e3o, Tunai se gradu\u00f3 como ingeniero, pero no dej\u00f3 que la universidad opacara su pasi\u00f3n por la m\u00fasica.<\/span><\/p><p><span style=\"font-weight: 400;\">En 1977 conoce al letrista S\u00e9rgio Natureza, con quien produce buena parte de su repertorio. Su debut oficial como m\u00fasico se produjo poco despu\u00e9s, en 1978, con Faf\u00e1 de Bel\u00e9m cantando el tema <\/span><i><span style=\"font-weight: 400;\">\u201cSe eu disser\u201d.<\/span><\/i><span style=\"font-weight: 400;\"> Y el reconocimiento tampoco demor\u00f3: bast\u00f3 que Elis Regina grabara \u201cAs apar\u00eancias enganam\u201d (S\u00e9rgio Natureza \/ Tunai) en el disco <\/span><i><span style=\"font-weight: 400;\">\u201cEssa Mulher\u201d<\/span><\/i><span style=\"font-weight: 400;\"> (1979). En total, Tunai grab\u00f3 12 \u00e1lbumes solo, adem\u00e1s de componer canciones para grandes artistas como Gal Costa, Nana Caymmi, Milton Nascimento, Beto Guedes, Roupa Nova, Elba Ramalho, S\u00e9rgio Mendes y nuestra Cigarra.<\/span><\/p><p><span style=\"font-weight: 400;\">Para esa misma \u00e9poca, \u00e9l y la Cigarra se conocen\u00a0 y comienzan a hablar del disco <\/span><i><span style=\"font-weight: 400;\">\u201cDel\u00edrios, Del\u00edcias\u201d,<\/span><\/i><span style=\"font-weight: 400;\"> editado en 1983. A d\u00eda de hoy <\/span><i><span style=\"font-weight: 400;\">\u201cCristal\u201d, <\/span><\/i><span style=\"font-weight: 400;\">de 1985, sigue siendo una de las canciones favoritas de Simone. Tambi\u00e9n trabajar\u00edan juntos en otros tres discos: <\/span><i><span style=\"font-weight: 400;\">\u201cAmor e Paix\u00e3o\u201d,<\/span><\/i><span style=\"font-weight: 400;\"> de 1986, en <\/span><i><span style=\"font-weight: 400;\">\u201cRaras Maneiras\u201d <\/span><\/i><span style=\"font-weight: 400;\">(con M\u00e1rcio Borges); <\/span><i><span style=\"font-weight: 400;\">\u201cSedu\u00e7\u00e3o\u201d,<\/span><\/i><span style=\"font-weight: 400;\"> de 1988, con <\/span><i><span style=\"font-weight: 400;\">\u201cOlhos Negros\u201d;<\/span><\/i><span style=\"font-weight: 400;\"> y en <\/span><i><span style=\"font-weight: 400;\">\u201cSimone\u201d,<\/span><\/i><span style=\"font-weight: 400;\"> de 1989, con <\/span><i><span style=\"font-weight: 400;\">\u201cApaixonada\u201d.<\/span><\/i><span style=\"font-weight: 400;\"> Este tema, al a\u00f1o siguiente, fue incluido en la banda sonora de la telenovela <\/span><i><span style=\"font-weight: 400;\">&#8216;Pantanal&#8217;<\/span><\/i><span style=\"font-weight: 400;\">, de la TV Manchete.<\/span><\/p><p><img fetchpriority=\"high\" decoding=\"async\" class=\"aligncenter wp-image-3493 size-full\" src=\"http:\/\/simone.art.br\/wp-content\/uploads\/2020\/02\/WhatsApp-Image-2020-01-27-at-09.54.16.jpeg\" alt=\"\" width=\"843\" height=\"536\" srcset=\"https:\/\/simone.art.br\/wp-content\/uploads\/2020\/02\/WhatsApp-Image-2020-01-27-at-09.54.16.jpeg 843w, https:\/\/simone.art.br\/wp-content\/uploads\/2020\/02\/WhatsApp-Image-2020-01-27-at-09.54.16-300x191.jpeg 300w, https:\/\/simone.art.br\/wp-content\/uploads\/2020\/02\/WhatsApp-Image-2020-01-27-at-09.54.16-768x488.jpeg 768w, https:\/\/simone.art.br\/wp-content\/uploads\/2020\/02\/WhatsApp-Image-2020-01-27-at-09.54.16-440x280.jpeg 440w, https:\/\/simone.art.br\/wp-content\/uploads\/2020\/02\/WhatsApp-Image-2020-01-27-at-09.54.16-600x381.jpeg 600w\" sizes=\"(max-width: 843px) 100vw, 843px\" \/><\/p><p><span style=\"font-weight: 400;\">Tunai siempre se ha destacado por la diversidad de sus composiciones, pasando con facilidad de las canciones pop a las baladas rom\u00e1nticas. <\/span><i><span style=\"font-weight: 400;\">\u201cTunai tocaba muy bien la guitarra y sus composiciones siempre tuvieron una hermosa musicalidad\u201d<\/span><\/i><span style=\"font-weight: 400;\">, comenta la Cigarra.<\/span><\/p><p><span style=\"font-weight: 400;\">La \u00faltima colaboraci\u00f3n fue en el 2010, cuando Simone particip\u00f3 con Milton Nascimento en el \u00e1lbum especial de los 30 a\u00f1os de carrera de Tunai. La invitaci\u00f3n fue para volver a grabar precisamente <\/span><i><span style=\"font-weight: 400;\">\u201cAs apar\u00eancias enganam\u201d<\/span><\/i><span style=\"font-weight: 400;\">. <\/span><i><span style=\"font-weight: 400;\">\u201cLa versi\u00f3n de Elis fue tan impactante, pr\u00e1cticamente insuperable, que dud\u00e9 un poco antes de entrar al estudio\u201d<\/span><\/i><span style=\"font-weight: 400;\">, dijo Simone. Pero la grabaci\u00f3n en tres partes, con Tunai al principio, seguida de Milton y terminando con la voz penetrante de la Cigarra, no deja nada que desear. <\/span><\/p><p><img decoding=\"async\" class=\"aligncenter size-full wp-image-3489\" src=\"http:\/\/simone.art.br\/wp-content\/uploads\/2020\/02\/WhatsApp-Image-2020-01-27-at-09.54.17.jpg\" alt=\"\" width=\"841\" height=\"597\" srcset=\"https:\/\/simone.art.br\/wp-content\/uploads\/2020\/02\/WhatsApp-Image-2020-01-27-at-09.54.17.jpg 841w, https:\/\/simone.art.br\/wp-content\/uploads\/2020\/02\/WhatsApp-Image-2020-01-27-at-09.54.17-300x213.jpg 300w, https:\/\/simone.art.br\/wp-content\/uploads\/2020\/02\/WhatsApp-Image-2020-01-27-at-09.54.17-768x545.jpg 768w, https:\/\/simone.art.br\/wp-content\/uploads\/2020\/02\/WhatsApp-Image-2020-01-27-at-09.54.17-440x312.jpg 440w, https:\/\/simone.art.br\/wp-content\/uploads\/2020\/02\/WhatsApp-Image-2020-01-27-at-09.54.17-600x426.jpg 600w\" sizes=\"(max-width: 841px) 100vw, 841px\" \/><\/p>\t\t\t\t\t\t\t\t<\/div>\n\t\t\t\t<\/div>\n\t\t\t\t\t<\/div>\n\t\t<\/div>\n\t\t\t\t\t<\/div>\n\t\t<\/section>\n\t\t\t\t<\/div>\n\t\t","protected":false},"excerpt":{"rendered":"<p>Toda una vida de asociaciones en sinton\u00eda con&nbsp; la Cigarra El a\u00f1o 2020 comenz\u00f3 con una triste noticia. La p\u00e9rdida de Tunai, v\u00edctima de un paro card\u00edaco en la madrugada del 26 de enero, fue tan repentina que todos necesitamos [&hellip;]<\/p>\n","protected":false},"author":1,"featured_media":4785,"comment_status":"open","ping_status":"open","sticky":false,"template":"","format":"standard","meta":{"inline_featured_image":false,"footnotes":""},"categories":[107],"tags":[108],"class_list":["post-5420","post","type-post","status-publish","format-standard","has-post-thumbnail","hentry","category-musica-es","tag-musica-es"],"yoast_head":"<!-- This site is optimized with the Yoast SEO plugin v27.4 - https:\/\/yoast.com\/product\/yoast-seo-wordpress\/ -->\n<title>Tunai se ha ido, te extra\u00f1o - Simone | Site Oficial<\/title>\n<meta name=\"robots\" content=\"index, follow, max-snippet:-1, max-image-preview:large, max-video-preview:-1\" \/>\n<link rel=\"canonical\" href=\"https:\/\/simone.art.br\/es\/2020\/02\/06\/tunai-se-ha-ido-te-extrano\/\" \/>\n<meta property=\"og:locale\" content=\"es_ES\" \/>\n<meta property=\"og:type\" content=\"article\" \/>\n<meta property=\"og:title\" content=\"Tunai se ha ido, te extra\u00f1o - Simone | Site Oficial\" \/>\n<meta property=\"og:description\" content=\"Toda una vida de asociaciones en sinton\u00eda con&nbsp; la Cigarra El a\u00f1o 2020 comenz\u00f3 con una triste noticia. La p\u00e9rdida de Tunai, v\u00edctima de un paro card\u00edaco en la madrugada del 26 de enero, fue tan repentina que todos necesitamos [&hellip;]\" \/>\n<meta property=\"og:url\" content=\"https:\/\/simone.art.br\/es\/2020\/02\/06\/tunai-se-ha-ido-te-extrano\/\" \/>\n<meta property=\"og:site_name\" content=\"Simone | Site Oficial\" \/>\n<meta property=\"article:published_time\" content=\"2020-02-07T00:58:41+00:00\" \/>\n<meta property=\"article:modified_time\" content=\"2021-11-21T22:37:49+00:00\" \/>\n<meta property=\"og:image\" content=\"https:\/\/i0.wp.com\/simone.art.br\/wp-content\/uploads\/2020\/02\/post-tunai.jpg?fit=1920%2C1280&ssl=1\" \/>\n\t<meta property=\"og:image:width\" content=\"1920\" \/>\n\t<meta property=\"og:image:height\" content=\"1280\" \/>\n\t<meta property=\"og:image:type\" content=\"image\/jpeg\" \/>\n<meta name=\"author\" content=\"admin\" \/>\n<meta name=\"twitter:card\" content=\"summary_large_image\" \/>\n<meta name=\"twitter:label1\" content=\"Escrito por\" \/>\n\t<meta name=\"twitter:data1\" content=\"admin\" \/>\n\t<meta name=\"twitter:label2\" content=\"Tiempo de lectura\" \/>\n\t<meta name=\"twitter:data2\" content=\"3 minutos\" \/>\n<script type=\"application\/ld+json\" class=\"yoast-schema-graph\">{\"@context\":\"https:\\\/\\\/schema.org\",\"@graph\":[{\"@type\":\"Article\",\"@id\":\"https:\\\/\\\/simone.art.br\\\/es\\\/2020\\\/02\\\/06\\\/tunai-se-ha-ido-te-extrano\\\/#article\",\"isPartOf\":{\"@id\":\"https:\\\/\\\/simone.art.br\\\/es\\\/2020\\\/02\\\/06\\\/tunai-se-ha-ido-te-extrano\\\/\"},\"author\":{\"name\":\"admin\",\"@id\":\"https:\\\/\\\/simone.art.br\\\/es\\\/#\\\/schema\\\/person\\\/c4cc9e6ea3e65dfc619b6c93bbea3c69\"},\"headline\":\"Tunai se ha ido, te extra\u00f1o\",\"datePublished\":\"2020-02-07T00:58:41+00:00\",\"dateModified\":\"2021-11-21T22:37:49+00:00\",\"mainEntityOfPage\":{\"@id\":\"https:\\\/\\\/simone.art.br\\\/es\\\/2020\\\/02\\\/06\\\/tunai-se-ha-ido-te-extrano\\\/\"},\"wordCount\":492,\"commentCount\":0,\"image\":{\"@id\":\"https:\\\/\\\/simone.art.br\\\/es\\\/2020\\\/02\\\/06\\\/tunai-se-ha-ido-te-extrano\\\/#primaryimage\"},\"thumbnailUrl\":\"https:\\\/\\\/simone.art.br\\\/wp-content\\\/uploads\\\/2020\\\/02\\\/post-tunai.jpg\",\"keywords\":[\"m\u00fasica\"],\"articleSection\":[\"M\u00fasica\"],\"inLanguage\":\"es\",\"potentialAction\":[{\"@type\":\"CommentAction\",\"name\":\"Comment\",\"target\":[\"https:\\\/\\\/simone.art.br\\\/es\\\/2020\\\/02\\\/06\\\/tunai-se-ha-ido-te-extrano\\\/#respond\"]}]},{\"@type\":\"WebPage\",\"@id\":\"https:\\\/\\\/simone.art.br\\\/es\\\/2020\\\/02\\\/06\\\/tunai-se-ha-ido-te-extrano\\\/\",\"url\":\"https:\\\/\\\/simone.art.br\\\/es\\\/2020\\\/02\\\/06\\\/tunai-se-ha-ido-te-extrano\\\/\",\"name\":\"Tunai se ha ido, te extra\u00f1o - Simone | Site Oficial\",\"isPartOf\":{\"@id\":\"https:\\\/\\\/simone.art.br\\\/es\\\/#website\"},\"primaryImageOfPage\":{\"@id\":\"https:\\\/\\\/simone.art.br\\\/es\\\/2020\\\/02\\\/06\\\/tunai-se-ha-ido-te-extrano\\\/#primaryimage\"},\"image\":{\"@id\":\"https:\\\/\\\/simone.art.br\\\/es\\\/2020\\\/02\\\/06\\\/tunai-se-ha-ido-te-extrano\\\/#primaryimage\"},\"thumbnailUrl\":\"https:\\\/\\\/simone.art.br\\\/wp-content\\\/uploads\\\/2020\\\/02\\\/post-tunai.jpg\",\"datePublished\":\"2020-02-07T00:58:41+00:00\",\"dateModified\":\"2021-11-21T22:37:49+00:00\",\"author\":{\"@id\":\"https:\\\/\\\/simone.art.br\\\/es\\\/#\\\/schema\\\/person\\\/c4cc9e6ea3e65dfc619b6c93bbea3c69\"},\"breadcrumb\":{\"@id\":\"https:\\\/\\\/simone.art.br\\\/es\\\/2020\\\/02\\\/06\\\/tunai-se-ha-ido-te-extrano\\\/#breadcrumb\"},\"inLanguage\":\"es\",\"potentialAction\":[{\"@type\":\"ReadAction\",\"target\":[\"https:\\\/\\\/simone.art.br\\\/es\\\/2020\\\/02\\\/06\\\/tunai-se-ha-ido-te-extrano\\\/\"]}]},{\"@type\":\"ImageObject\",\"inLanguage\":\"es\",\"@id\":\"https:\\\/\\\/simone.art.br\\\/es\\\/2020\\\/02\\\/06\\\/tunai-se-ha-ido-te-extrano\\\/#primaryimage\",\"url\":\"https:\\\/\\\/simone.art.br\\\/wp-content\\\/uploads\\\/2020\\\/02\\\/post-tunai.jpg\",\"contentUrl\":\"https:\\\/\\\/simone.art.br\\\/wp-content\\\/uploads\\\/2020\\\/02\\\/post-tunai.jpg\",\"width\":1920,\"height\":1280},{\"@type\":\"BreadcrumbList\",\"@id\":\"https:\\\/\\\/simone.art.br\\\/es\\\/2020\\\/02\\\/06\\\/tunai-se-ha-ido-te-extrano\\\/#breadcrumb\",\"itemListElement\":[{\"@type\":\"ListItem\",\"position\":1,\"name\":\"In\u00edcio\",\"item\":\"https:\\\/\\\/simone.art.br\\\/es\\\/\"},{\"@type\":\"ListItem\",\"position\":2,\"name\":\"Tunai se ha ido, te extra\u00f1o\"}]},{\"@type\":\"WebSite\",\"@id\":\"https:\\\/\\\/simone.art.br\\\/es\\\/#website\",\"url\":\"https:\\\/\\\/simone.art.br\\\/es\\\/\",\"name\":\"Simone | Site Oficial\",\"description\":\"O voo da Cigarra, da inf\u00e2ncia musical aos palcos do mundo!\",\"potentialAction\":[{\"@type\":\"SearchAction\",\"target\":{\"@type\":\"EntryPoint\",\"urlTemplate\":\"https:\\\/\\\/simone.art.br\\\/es\\\/?s={search_term_string}\"},\"query-input\":{\"@type\":\"PropertyValueSpecification\",\"valueRequired\":true,\"valueName\":\"search_term_string\"}}],\"inLanguage\":\"es\"},{\"@type\":\"Person\",\"@id\":\"https:\\\/\\\/simone.art.br\\\/es\\\/#\\\/schema\\\/person\\\/c4cc9e6ea3e65dfc619b6c93bbea3c69\",\"name\":\"admin\",\"image\":{\"@type\":\"ImageObject\",\"inLanguage\":\"es\",\"@id\":\"https:\\\/\\\/simone.art.br\\\/wp-content\\\/litespeed\\\/avatar\\\/6e6dedce97773a59999856b2fde6c5b2.jpg?ver=1776731934\",\"url\":\"https:\\\/\\\/simone.art.br\\\/wp-content\\\/litespeed\\\/avatar\\\/6e6dedce97773a59999856b2fde6c5b2.jpg?ver=1776731934\",\"contentUrl\":\"https:\\\/\\\/simone.art.br\\\/wp-content\\\/litespeed\\\/avatar\\\/6e6dedce97773a59999856b2fde6c5b2.jpg?ver=1776731934\",\"caption\":\"admin\"},\"url\":\"https:\\\/\\\/simone.art.br\\\/es\\\/author\\\/admin\\\/\"}]}<\/script>\n<!-- \/ Yoast SEO plugin. -->","yoast_head_json":{"title":"Tunai se ha ido, te extra\u00f1o - Simone | Site Oficial","robots":{"index":"index","follow":"follow","max-snippet":"max-snippet:-1","max-image-preview":"max-image-preview:large","max-video-preview":"max-video-preview:-1"},"canonical":"https:\/\/simone.art.br\/es\/2020\/02\/06\/tunai-se-ha-ido-te-extrano\/","og_locale":"es_ES","og_type":"article","og_title":"Tunai se ha ido, te extra\u00f1o - Simone | Site Oficial","og_description":"Toda una vida de asociaciones en sinton\u00eda con&nbsp; la Cigarra El a\u00f1o 2020 comenz\u00f3 con una triste noticia. La p\u00e9rdida de Tunai, v\u00edctima de un paro card\u00edaco en la madrugada del 26 de enero, fue tan repentina que todos necesitamos [&hellip;]","og_url":"https:\/\/simone.art.br\/es\/2020\/02\/06\/tunai-se-ha-ido-te-extrano\/","og_site_name":"Simone | Site Oficial","article_published_time":"2020-02-07T00:58:41+00:00","article_modified_time":"2021-11-21T22:37:49+00:00","og_image":[{"width":1920,"height":1280,"url":"https:\/\/i0.wp.com\/simone.art.br\/wp-content\/uploads\/2020\/02\/post-tunai.jpg?fit=1920%2C1280&ssl=1","type":"image\/jpeg"}],"author":"admin","twitter_card":"summary_large_image","twitter_misc":{"Escrito por":"admin","Tiempo de lectura":"3 minutos"},"schema":{"@context":"https:\/\/schema.org","@graph":[{"@type":"Article","@id":"https:\/\/simone.art.br\/es\/2020\/02\/06\/tunai-se-ha-ido-te-extrano\/#article","isPartOf":{"@id":"https:\/\/simone.art.br\/es\/2020\/02\/06\/tunai-se-ha-ido-te-extrano\/"},"author":{"name":"admin","@id":"https:\/\/simone.art.br\/es\/#\/schema\/person\/c4cc9e6ea3e65dfc619b6c93bbea3c69"},"headline":"Tunai se ha ido, te extra\u00f1o","datePublished":"2020-02-07T00:58:41+00:00","dateModified":"2021-11-21T22:37:49+00:00","mainEntityOfPage":{"@id":"https:\/\/simone.art.br\/es\/2020\/02\/06\/tunai-se-ha-ido-te-extrano\/"},"wordCount":492,"commentCount":0,"image":{"@id":"https:\/\/simone.art.br\/es\/2020\/02\/06\/tunai-se-ha-ido-te-extrano\/#primaryimage"},"thumbnailUrl":"https:\/\/simone.art.br\/wp-content\/uploads\/2020\/02\/post-tunai.jpg","keywords":["m\u00fasica"],"articleSection":["M\u00fasica"],"inLanguage":"es","potentialAction":[{"@type":"CommentAction","name":"Comment","target":["https:\/\/simone.art.br\/es\/2020\/02\/06\/tunai-se-ha-ido-te-extrano\/#respond"]}]},{"@type":"WebPage","@id":"https:\/\/simone.art.br\/es\/2020\/02\/06\/tunai-se-ha-ido-te-extrano\/","url":"https:\/\/simone.art.br\/es\/2020\/02\/06\/tunai-se-ha-ido-te-extrano\/","name":"Tunai se ha ido, te extra\u00f1o - Simone | Site Oficial","isPartOf":{"@id":"https:\/\/simone.art.br\/es\/#website"},"primaryImageOfPage":{"@id":"https:\/\/simone.art.br\/es\/2020\/02\/06\/tunai-se-ha-ido-te-extrano\/#primaryimage"},"image":{"@id":"https:\/\/simone.art.br\/es\/2020\/02\/06\/tunai-se-ha-ido-te-extrano\/#primaryimage"},"thumbnailUrl":"https:\/\/simone.art.br\/wp-content\/uploads\/2020\/02\/post-tunai.jpg","datePublished":"2020-02-07T00:58:41+00:00","dateModified":"2021-11-21T22:37:49+00:00","author":{"@id":"https:\/\/simone.art.br\/es\/#\/schema\/person\/c4cc9e6ea3e65dfc619b6c93bbea3c69"},"breadcrumb":{"@id":"https:\/\/simone.art.br\/es\/2020\/02\/06\/tunai-se-ha-ido-te-extrano\/#breadcrumb"},"inLanguage":"es","potentialAction":[{"@type":"ReadAction","target":["https:\/\/simone.art.br\/es\/2020\/02\/06\/tunai-se-ha-ido-te-extrano\/"]}]},{"@type":"ImageObject","inLanguage":"es","@id":"https:\/\/simone.art.br\/es\/2020\/02\/06\/tunai-se-ha-ido-te-extrano\/#primaryimage","url":"https:\/\/simone.art.br\/wp-content\/uploads\/2020\/02\/post-tunai.jpg","contentUrl":"https:\/\/simone.art.br\/wp-content\/uploads\/2020\/02\/post-tunai.jpg","width":1920,"height":1280},{"@type":"BreadcrumbList","@id":"https:\/\/simone.art.br\/es\/2020\/02\/06\/tunai-se-ha-ido-te-extrano\/#breadcrumb","itemListElement":[{"@type":"ListItem","position":1,"name":"In\u00edcio","item":"https:\/\/simone.art.br\/es\/"},{"@type":"ListItem","position":2,"name":"Tunai se ha ido, te extra\u00f1o"}]},{"@type":"WebSite","@id":"https:\/\/simone.art.br\/es\/#website","url":"https:\/\/simone.art.br\/es\/","name":"Simone | Site Oficial","description":"O voo da Cigarra, da inf\u00e2ncia musical aos palcos do mundo!","potentialAction":[{"@type":"SearchAction","target":{"@type":"EntryPoint","urlTemplate":"https:\/\/simone.art.br\/es\/?s={search_term_string}"},"query-input":{"@type":"PropertyValueSpecification","valueRequired":true,"valueName":"search_term_string"}}],"inLanguage":"es"},{"@type":"Person","@id":"https:\/\/simone.art.br\/es\/#\/schema\/person\/c4cc9e6ea3e65dfc619b6c93bbea3c69","name":"admin","image":{"@type":"ImageObject","inLanguage":"es","@id":"https:\/\/simone.art.br\/wp-content\/litespeed\/avatar\/6e6dedce97773a59999856b2fde6c5b2.jpg?ver=1776731934","url":"https:\/\/simone.art.br\/wp-content\/litespeed\/avatar\/6e6dedce97773a59999856b2fde6c5b2.jpg?ver=1776731934","contentUrl":"https:\/\/simone.art.br\/wp-content\/litespeed\/avatar\/6e6dedce97773a59999856b2fde6c5b2.jpg?ver=1776731934","caption":"admin"},"url":"https:\/\/simone.art.br\/es\/author\/admin\/"}]}},"_links":{"self":[{"href":"https:\/\/simone.art.br\/es\/wp-json\/wp\/v2\/posts\/5420","targetHints":{"allow":["GET"]}}],"collection":[{"href":"https:\/\/simone.art.br\/es\/wp-json\/wp\/v2\/posts"}],"about":[{"href":"https:\/\/simone.art.br\/es\/wp-json\/wp\/v2\/types\/post"}],"author":[{"embeddable":true,"href":"https:\/\/simone.art.br\/es\/wp-json\/wp\/v2\/users\/1"}],"replies":[{"embeddable":true,"href":"https:\/\/simone.art.br\/es\/wp-json\/wp\/v2\/comments?post=5420"}],"version-history":[{"count":4,"href":"https:\/\/simone.art.br\/es\/wp-json\/wp\/v2\/posts\/5420\/revisions"}],"predecessor-version":[{"id":5424,"href":"https:\/\/simone.art.br\/es\/wp-json\/wp\/v2\/posts\/5420\/revisions\/5424"}],"wp:featuredmedia":[{"embeddable":true,"href":"https:\/\/simone.art.br\/es\/wp-json\/wp\/v2\/media\/4785"}],"wp:attachment":[{"href":"https:\/\/simone.art.br\/es\/wp-json\/wp\/v2\/media?parent=5420"}],"wp:term":[{"taxonomy":"category","embeddable":true,"href":"https:\/\/simone.art.br\/es\/wp-json\/wp\/v2\/categories?post=5420"},{"taxonomy":"post_tag","embeddable":true,"href":"https:\/\/simone.art.br\/es\/wp-json\/wp\/v2\/tags?post=5420"}],"curies":[{"name":"wp","href":"https:\/\/api.w.org\/{rel}","templated":true}]}}