{"id":5425,"date":"2019-12-19T21:25:23","date_gmt":"2019-12-20T00:25:23","guid":{"rendered":"http:\/\/simone.art.br\/2019\/12\/19\/quem-te-viu-quem-te-ve\/"},"modified":"2021-11-21T19:49:01","modified_gmt":"2021-11-21T22:49:01","slug":"quien-te-vio-quien-te-ve","status":"publish","type":"post","link":"https:\/\/simone.art.br\/es\/2019\/12\/19\/quien-te-vio-quien-te-ve\/","title":{"rendered":"Quien te vio, quien te ve"},"content":{"rendered":"\t\t<div data-elementor-type=\"wp-post\" data-elementor-id=\"5425\" class=\"elementor elementor-5425 elementor-164\" data-elementor-post-type=\"post\">\n\t\t\t\t\t\t<section class=\"elementor-section elementor-top-section elementor-element elementor-element-46e993e5 elementor-section-boxed elementor-section-height-default elementor-section-height-default\" data-id=\"46e993e5\" data-element_type=\"section\">\n\t\t\t\t\t\t<div class=\"elementor-container elementor-column-gap-default\">\n\t\t\t\t\t<div class=\"elementor-column elementor-col-100 elementor-top-column elementor-element elementor-element-29fda932\" data-id=\"29fda932\" data-element_type=\"column\">\n\t\t\t<div class=\"elementor-widget-wrap elementor-element-populated\">\n\t\t\t\t\t\t<div class=\"elementor-element elementor-element-e82eb22 elementor-widget elementor-widget-text-editor\" data-id=\"e82eb22\" data-element_type=\"widget\" data-widget_type=\"text-editor.default\">\n\t\t\t\t<div class=\"elementor-widget-container\">\n\t\t\t\t\t\t\t\t\t<h2>Incluso lejos de las redes sociales, Simone no dej\u00f3 la m\u00fasica a un lado ni un minuto.<\/h2><p><span style=\"font-weight: 400;\">El fin de a\u00f1o es siempre un momento m\u00e1gico para Simone y este, que cumple 70 a\u00f1os\u00bb, es a\u00fan m\u00e1s especial. Este sitio, por ejemplo, es una de las novedades de la cantante para estar m\u00e1s cerca de sus fans. Quienes la acompa\u00f1aron desde m\u00e1s lejos quiz\u00e1s no hayan visto todo lo sucedido. Pero durante la \u00faltima d\u00e9cada, nuestra Cigarra ha seguido activa, cantando y grabando, a un ritmo de dar envidia a muchas peque\u00f1as hormigas.<\/span><\/p><p><span style=\"font-weight: 400;\">Desde 2010 hasta ahora, hubo 2 nuevos \u00e1lbumes, 4 giras con decenas de shows en Brasil, Latinoam\u00e9rica y Europa, as\u00ed como participaciones en eventos y colaboraciones con otros artistas. \u00bfNo lo sab\u00edas? S\u00edguenos aqu\u00ed, lo hemos resumido todo.<\/span><\/p><p><span style=\"font-weight: 400;\">La Cigarra abri\u00f3 2010 con la grabaci\u00f3n del doble CD y DVD <\/span><i><span style=\"font-weight: 400;\">\u00abSimone, Em Boa Companhia\u00bb,<\/span><\/i><span style=\"font-weight: 400;\"> en el Teatro Guararapes, de Recife (PE). El repertorio incluye 24 canciones, en portugu\u00e9s y espa\u00f1ol, con cl\u00e1sicos como <\/span><i><span style=\"font-weight: 400;\">&#8216;Face a Face&#8217;<\/span><\/i><span style=\"font-weight: 400;\"> (Sueli Costa \/ Cacaso), <\/span><i><span style=\"font-weight: 400;\">&#8216;L\u00e1 vem a baiana&#8217; <\/span><\/i><span style=\"font-weight: 400;\">(Dorival Caymmi), <\/span><i><span style=\"font-weight: 400;\">&#8216;Fullg\u00e1s&#8217;<\/span><\/i><span style=\"font-weight: 400;\"> (Marina Lima \/ Ant\u00f4nio C\u00edcero) y <\/span><i><span style=\"font-weight: 400;\">&#8216;Migalhas&#8217;<\/span><\/i><span style=\"font-weight: 400;\"> (Erasmo Carlos). El \u00e1lbum tambi\u00e9n presenta &#8216;<\/span><i><span style=\"font-weight: 400;\">Vale a Pena Tentar&#8217;<\/span><\/i><span style=\"font-weight: 400;\">, una pista que muestra la versi\u00f3n de compositora de Simone, junto a Herm\u00ednio Bello de Carvalho, uno de sus compa\u00f1eros musicales m\u00e1s antiguos.<\/span><\/p><p><span style=\"font-weight: 400;\">El resto del 2010 y buena parte de 2011 est\u00e1n dedicados a la gira, que pas\u00f3 por varias ciudades brasile\u00f1as, adem\u00e1s de Portugal, Rep\u00fablica Dominicana y M\u00e9xico. Y quienes siguieron la telenovela de la TV Globo <\/span><i><span style=\"font-weight: 400;\">&#8216;Insensato Cora\u00e7\u00e3<\/span><\/i><span style=\"font-weight: 400;\">o&#8217;, en ese momento, pudieron ver una participaci\u00f3n especial de Simone, cantando <\/span><i><span style=\"font-weight: 400;\">&#8216;Love&#8217; <\/span><\/i><span style=\"font-weight: 400;\">(Paulo Padilha), <\/span><i><span style=\"font-weight: 400;\">&#8216;T\u00f4 que T\u00f4&#8217;<\/span><\/i><span style=\"font-weight: 400;\"> (Kleiton \/ Kledir Ramil), <\/span><i><span style=\"font-weight: 400;\">&#8216;Come\u00e7ar de Novo&#8217;<\/span><\/i><span style=\"font-weight: 400;\">(Ivan Lins \/ Vitor Martins) ) e <\/span><i><span style=\"font-weight: 400;\">&#8216;Ive Brussel&#8217;<\/span><\/i><span style=\"font-weight: 400;\"> (Jorge Ben Jor).<\/span><\/p><p><span style=\"font-weight: 400;\">El pr\u00f3ximo \u00e1lbum llega en 2013 para celebrar los 40 a\u00f1os de carrera de la artista. Producido por Biscoito Fino, <\/span><i><span style=\"font-weight: 400;\">\u00ab\u00c9 Melhor Ser\u00bb<\/span><\/i><span style=\"font-weight: 400;\"> nace de una asociaci\u00f3n entre Simone y Z\u00e9lia Duncan y fue dirigido musicalmente por Bia Paes Leme y Leandro Braga. Con un repertorio dedicado a las mujeres, la obra re\u00fane nuevos temas y regrabaciones de compositoras que marcaron la trayectoria de la Cigarra, como Sueli Costa, F\u00e1tima Guedes y Joyce, adem\u00e1s de otras reci\u00e9n llegadas a su camino musical, como Teresa Cristina, Alzira Esp\u00edndola y Joanna.<\/span><\/p><p><span style=\"font-weight: 400;\">Lo m\u00e1s destacado es una composici\u00f3n in\u00e9dita, fruto de la colaboraci\u00f3n entre Simone y la actriz Fernanda Montenegro: <\/span><i><span style=\"font-weight: 400;\">&#8216;A Prop\u00f3sito&#8217;<\/span><\/i><span style=\"font-weight: 400;\"> surge de una nota escrita por la actriz en 1984 y las l\u00edneas <\/span><i><span style=\"font-weight: 400;\">\u00abUna persona es lo que es su voz. En el juego dram\u00e1tico y en el canto, el artista es tambi\u00e9n lo que son, su voz y su canto\u00bb <\/span><\/i><span style=\"font-weight: 400;\">abren y cierran el \u00e1lbum.<\/span><\/p><p><span style=\"font-weight: 400;\">El tono femenino del proyecto contin\u00faa en la gira, que est\u00e1 dirigida por la actriz Christiane Torloni. Adem\u00e1s del disco completo, el espect\u00e1culo tambi\u00e9n se enriquece con otros temas como <\/span><i><span style=\"font-weight: 400;\">&#8216;Candeeiro&#8217;<\/span><\/i><span style=\"font-weight: 400;\">(Teresa Cristina),<\/span><i><span style=\"font-weight: 400;\"> &#8216;Canteiros&#8217;<\/span><\/i><span style=\"font-weight: 400;\"> (Fagner \/ Cec\u00edlia Meireles) y <\/span><i><span style=\"font-weight: 400;\">&#8216;A noite do meu bem&#8217;<\/span><\/i><span style=\"font-weight: 400;\"> (Dolores Duran).<\/span><\/p><h2>Entre 2013 y 2019, Simone recorre Brasil con 3 giras diferentes<\/h2><p><b><i>\u00ab\u00c9 Melhor Ser\u00bb<\/i><\/b><b> hace que 2013 y 2014 sean a\u00f1os muy movidos y similares: adem\u00e1s de los 20 shows en 14 ciudades brasile\u00f1as, la artista finaliza los dos a\u00f1os actuando en la ceremonia inaugural del \u00c1rbol de Navidad en la laguna Rodrigo de Freitas, en R\u00edo de Janeiro.<\/b><\/p><p><span style=\"font-weight: 400;\">Y poco sab\u00eda Simone que <\/span><i><span style=\"font-weight: 400;\">&#8216;\u00c9 Melhor Ser&#8217;<\/span><\/i><span style=\"font-weight: 400;\"> todav\u00eda recorrer\u00eda Brasil una vez m\u00e1s. En 2015, la cantante participa en el proyecto Teatro por R $ 1,00, que llev\u00f3 a miles de personas al teatro por primera vez. En total, la Cigarra pasa por 15 ciudades, en un gira que se prolong\u00f3 hasta mediados de 2016.<\/span><\/p><p><span style=\"font-weight: 400;\">La rutina de los conciertos y los viajes no disminuyeron en los a\u00f1os siguientes. Invitados por T4F, Simone e Ivan Lins crean juntos el espect\u00e1culo <\/span><i><span style=\"font-weight: 400;\">\u00abSimone encuentra a Ivan Lins\u00bb<\/span><\/i><span style=\"font-weight: 400;\">, dirigido por Z\u00e9lia Duncan, direcci\u00f3n musical de Delia Fischer y escenograf\u00eda de Simone Mina. A pesar de su asociaci\u00f3n de larga data \u2013 Simone ha estado grabando las canciones de Ivan desde su primer \u00e1lbum, en 1973, con el tema <\/span><i><span style=\"font-weight: 400;\">&#8216;Chegou a Hora&#8217;<\/span><\/i><span style=\"font-weight: 400;\">\u2013 el proyecto marc\u00f3 el primer encuentro del d\u00fao en el escenario.<\/span><\/p><p><span style=\"font-weight: 400;\">El repertorio, dedicado a composiciones de Ivan Lins y socios musicales, incluy\u00f3 canciones que establecieron la colaboraci\u00f3n entre Simone e Ivan, como <\/span><i><span style=\"font-weight: 400;\">&#8216;Come\u00e7ar de Novo&#8217;<\/span><\/i><span style=\"font-weight: 400;\">, <\/span><i><span style=\"font-weight: 400;\">&#8216;Bilhete&#8217;, &#8216;Aos Nossos Filhos&#8217; y &#8216;Atrevida&#8217;<\/span><\/i><span style=\"font-weight: 400;\"> (todas de Ivan y Vitor Martins). El d\u00fao recorri\u00f3 Portugal y las principales ciudades brasile\u00f1as, pasando, en algunos casos m\u00e1s de una vez, por San Pablo, R\u00edo de Janeiro, Belo Horizonte, Santos, Macei\u00f3, Recife y Salvador.<\/span><\/p><h2>Adem\u00e1s de las docenas de shows, Simone todav\u00eda encuentra tiempo para colaborar con otros artistas.<\/h2><p><b>La repercusi\u00f3n del proyecto fue tan positiva que gener\u00f3, en 2019, un nuevo despliegue. En la mini gira <\/b><b><i>&#8216;Simone canta Ivan Lins y socios musicales&#8217;<\/i><\/b><b>, la Cigarra recorri\u00f3 las ciudades de R\u00edo de Janeiro, San Pablo, Fortaleza, Natal y Recife.<\/b><\/p><p><span style=\"font-weight: 400;\">Y entre un espect\u00e1culo y otro, Simone todav\u00eda encontr\u00f3 tiempo para colaborar con otros artistas. En 2010, como parte de las celebraciones de los 30 a\u00f1os de carrera de Tunai, graba con Tunai y con Milton Nascimento el tema <\/span><i><span style=\"font-weight: 400;\">&#8216;As apar\u00eancias enganam<\/span><\/i><span style=\"font-weight: 400;\">&#8216;(S\u00e9rgio Natureza \/ Tunai), para el \u00e1lbum <\/span><i><span style=\"font-weight: 400;\">\u2018Eternamente\u2019<\/span><\/i><span style=\"font-weight: 400;\">. Cuatro a\u00f1os despu\u00e9s, Simone grab\u00f3 el tema <\/span><i><span style=\"font-weight: 400;\">&#8216;Saudade do Meu Bem Querer&#8217;<\/span><\/i><span style=\"font-weight: 400;\"> (Carlos Ventura), con el sambista de Maranh\u00e3o, Patativa para el disco <\/span><i><span style=\"font-weight: 400;\">\u2018Ningu\u00e9m \u00c9 Melhor Que Eu\u2019<\/span><\/i><span style=\"font-weight: 400;\">.<\/span><\/p><p><span style=\"font-weight: 400;\">Y la colaboraci\u00f3n con Z\u00e9lia Duncan da otro fruto: la grabaci\u00f3n del tema<\/span><i><span style=\"font-weight: 400;\"> &#8216;Eu Sou Mulher, Eu Sou Feliz&#8217;<\/span><\/i><span style=\"font-weight: 400;\">, para el disco hom\u00f3nimo de Z\u00e9lia y Ana Costa.<\/span><\/p><p><span style=\"font-weight: 400;\">En toda esta movida el deseo de Simone era estar siempre cerca de sus fans.<br \/><\/span><span style=\"font-weight: 400;\">Es cierto que no estuvo muy presente en las redes sociales. Su manera un tanto t\u00edmida la hace preferir encontrarse en el escenario a las conversacionesvdigitales.\u00a0<br \/><\/span><span style=\"font-weight: 400;\">Pero la celebraci\u00f3n de su 70 cumplea\u00f1os es el comienzo de una nueva etapa para Simone. Con un equipo renovado, esta nueva web y sus perfiles oficiales de <\/span><a href=\"https:\/\/www.instagram.com\/SimoneOficial\/\" target=\"_blank\" rel=\"noopener\">Instagram<\/a>\u00a0<span>\u00a0y\u00a0<\/span><a href=\"https:\/\/www.facebook.com\/SimoneCigarra\" target=\"_blank\" rel=\"noopener\">Facebook <\/a><span>abren las puertas a los fans de la artista que tiene <\/span><i><span>\u00abel acento y timbre m\u00e1s peculiar de MPB\u00bb.<\/span><\/i><\/p>\t\t\t\t\t\t\t\t<\/div>\n\t\t\t\t<\/div>\n\t\t\t\t\t<\/div>\n\t\t<\/div>\n\t\t\t\t\t<\/div>\n\t\t<\/section>\n\t\t\t\t<\/div>\n\t\t","protected":false},"excerpt":{"rendered":"<p>Incluso lejos de las redes sociales, Simone no dej\u00f3 la m\u00fasica a un lado ni un minuto. El fin de a\u00f1o es siempre un momento m\u00e1gico para Simone y este, que cumple 70 a\u00f1os\u00bb, es a\u00fan m\u00e1s especial. Este sitio, [&hellip;]<\/p>\n","protected":false},"author":1,"featured_media":4671,"comment_status":"open","ping_status":"open","sticky":false,"template":"","format":"standard","meta":{"inline_featured_image":false,"footnotes":""},"categories":[107],"tags":[108],"class_list":["post-5425","post","type-post","status-publish","format-standard","has-post-thumbnail","hentry","category-musica-es","tag-musica-es"],"yoast_head":"<!-- This site is optimized with the Yoast SEO plugin v27.4 - https:\/\/yoast.com\/product\/yoast-seo-wordpress\/ -->\n<title>Quien te vio, quien te ve - Simone | Site Oficial<\/title>\n<meta name=\"robots\" content=\"index, follow, max-snippet:-1, max-image-preview:large, max-video-preview:-1\" \/>\n<link rel=\"canonical\" href=\"https:\/\/simone.art.br\/es\/2019\/12\/19\/quien-te-vio-quien-te-ve\/\" \/>\n<meta property=\"og:locale\" content=\"es_ES\" \/>\n<meta property=\"og:type\" content=\"article\" \/>\n<meta property=\"og:title\" content=\"Quien te vio, quien te ve - Simone | Site Oficial\" \/>\n<meta property=\"og:description\" content=\"Incluso lejos de las redes sociales, Simone no dej\u00f3 la m\u00fasica a un lado ni un minuto. El fin de a\u00f1o es siempre un momento m\u00e1gico para Simone y este, que cumple 70 a\u00f1os\u00bb, es a\u00fan m\u00e1s especial. Este sitio, [&hellip;]\" \/>\n<meta property=\"og:url\" content=\"https:\/\/simone.art.br\/es\/2019\/12\/19\/quien-te-vio-quien-te-ve\/\" \/>\n<meta property=\"og:site_name\" content=\"Simone | Site Oficial\" \/>\n<meta property=\"article:published_time\" content=\"2019-12-20T00:25:23+00:00\" \/>\n<meta property=\"article:modified_time\" content=\"2021-11-21T22:49:01+00:00\" \/>\n<meta property=\"og:image\" content=\"https:\/\/i0.wp.com\/simone.art.br\/wp-content\/uploads\/2019\/12\/modelo-banner-blog.jpg?fit=1920%2C1280&ssl=1\" \/>\n\t<meta property=\"og:image:width\" content=\"1920\" \/>\n\t<meta property=\"og:image:height\" content=\"1280\" \/>\n\t<meta property=\"og:image:type\" content=\"image\/jpeg\" \/>\n<meta name=\"author\" content=\"admin\" \/>\n<meta name=\"twitter:card\" content=\"summary_large_image\" \/>\n<meta name=\"twitter:label1\" content=\"Escrito por\" \/>\n\t<meta name=\"twitter:data1\" content=\"admin\" \/>\n\t<meta name=\"twitter:label2\" content=\"Tiempo de lectura\" \/>\n\t<meta name=\"twitter:data2\" content=\"5 minutos\" \/>\n<script type=\"application\/ld+json\" class=\"yoast-schema-graph\">{\"@context\":\"https:\\\/\\\/schema.org\",\"@graph\":[{\"@type\":\"Article\",\"@id\":\"https:\\\/\\\/simone.art.br\\\/es\\\/2019\\\/12\\\/19\\\/quien-te-vio-quien-te-ve\\\/#article\",\"isPartOf\":{\"@id\":\"https:\\\/\\\/simone.art.br\\\/es\\\/2019\\\/12\\\/19\\\/quien-te-vio-quien-te-ve\\\/\"},\"author\":{\"name\":\"admin\",\"@id\":\"https:\\\/\\\/simone.art.br\\\/es\\\/#\\\/schema\\\/person\\\/c4cc9e6ea3e65dfc619b6c93bbea3c69\"},\"headline\":\"Quien te vio, quien te ve\",\"datePublished\":\"2019-12-20T00:25:23+00:00\",\"dateModified\":\"2021-11-21T22:49:01+00:00\",\"mainEntityOfPage\":{\"@id\":\"https:\\\/\\\/simone.art.br\\\/es\\\/2019\\\/12\\\/19\\\/quien-te-vio-quien-te-ve\\\/\"},\"wordCount\":1085,\"commentCount\":0,\"image\":{\"@id\":\"https:\\\/\\\/simone.art.br\\\/es\\\/2019\\\/12\\\/19\\\/quien-te-vio-quien-te-ve\\\/#primaryimage\"},\"thumbnailUrl\":\"https:\\\/\\\/simone.art.br\\\/wp-content\\\/uploads\\\/2019\\\/12\\\/modelo-banner-blog.jpg\",\"keywords\":[\"m\u00fasica\"],\"articleSection\":[\"M\u00fasica\"],\"inLanguage\":\"es\",\"potentialAction\":[{\"@type\":\"CommentAction\",\"name\":\"Comment\",\"target\":[\"https:\\\/\\\/simone.art.br\\\/es\\\/2019\\\/12\\\/19\\\/quien-te-vio-quien-te-ve\\\/#respond\"]}]},{\"@type\":\"WebPage\",\"@id\":\"https:\\\/\\\/simone.art.br\\\/es\\\/2019\\\/12\\\/19\\\/quien-te-vio-quien-te-ve\\\/\",\"url\":\"https:\\\/\\\/simone.art.br\\\/es\\\/2019\\\/12\\\/19\\\/quien-te-vio-quien-te-ve\\\/\",\"name\":\"Quien te vio, quien te ve - Simone | Site Oficial\",\"isPartOf\":{\"@id\":\"https:\\\/\\\/simone.art.br\\\/es\\\/#website\"},\"primaryImageOfPage\":{\"@id\":\"https:\\\/\\\/simone.art.br\\\/es\\\/2019\\\/12\\\/19\\\/quien-te-vio-quien-te-ve\\\/#primaryimage\"},\"image\":{\"@id\":\"https:\\\/\\\/simone.art.br\\\/es\\\/2019\\\/12\\\/19\\\/quien-te-vio-quien-te-ve\\\/#primaryimage\"},\"thumbnailUrl\":\"https:\\\/\\\/simone.art.br\\\/wp-content\\\/uploads\\\/2019\\\/12\\\/modelo-banner-blog.jpg\",\"datePublished\":\"2019-12-20T00:25:23+00:00\",\"dateModified\":\"2021-11-21T22:49:01+00:00\",\"author\":{\"@id\":\"https:\\\/\\\/simone.art.br\\\/es\\\/#\\\/schema\\\/person\\\/c4cc9e6ea3e65dfc619b6c93bbea3c69\"},\"breadcrumb\":{\"@id\":\"https:\\\/\\\/simone.art.br\\\/es\\\/2019\\\/12\\\/19\\\/quien-te-vio-quien-te-ve\\\/#breadcrumb\"},\"inLanguage\":\"es\",\"potentialAction\":[{\"@type\":\"ReadAction\",\"target\":[\"https:\\\/\\\/simone.art.br\\\/es\\\/2019\\\/12\\\/19\\\/quien-te-vio-quien-te-ve\\\/\"]}]},{\"@type\":\"ImageObject\",\"inLanguage\":\"es\",\"@id\":\"https:\\\/\\\/simone.art.br\\\/es\\\/2019\\\/12\\\/19\\\/quien-te-vio-quien-te-ve\\\/#primaryimage\",\"url\":\"https:\\\/\\\/simone.art.br\\\/wp-content\\\/uploads\\\/2019\\\/12\\\/modelo-banner-blog.jpg\",\"contentUrl\":\"https:\\\/\\\/simone.art.br\\\/wp-content\\\/uploads\\\/2019\\\/12\\\/modelo-banner-blog.jpg\",\"width\":1920,\"height\":1280},{\"@type\":\"BreadcrumbList\",\"@id\":\"https:\\\/\\\/simone.art.br\\\/es\\\/2019\\\/12\\\/19\\\/quien-te-vio-quien-te-ve\\\/#breadcrumb\",\"itemListElement\":[{\"@type\":\"ListItem\",\"position\":1,\"name\":\"In\u00edcio\",\"item\":\"https:\\\/\\\/simone.art.br\\\/es\\\/\"},{\"@type\":\"ListItem\",\"position\":2,\"name\":\"Quien te vio, quien te ve\"}]},{\"@type\":\"WebSite\",\"@id\":\"https:\\\/\\\/simone.art.br\\\/es\\\/#website\",\"url\":\"https:\\\/\\\/simone.art.br\\\/es\\\/\",\"name\":\"Simone | Site Oficial\",\"description\":\"O voo da Cigarra, da inf\u00e2ncia musical aos palcos do mundo!\",\"potentialAction\":[{\"@type\":\"SearchAction\",\"target\":{\"@type\":\"EntryPoint\",\"urlTemplate\":\"https:\\\/\\\/simone.art.br\\\/es\\\/?s={search_term_string}\"},\"query-input\":{\"@type\":\"PropertyValueSpecification\",\"valueRequired\":true,\"valueName\":\"search_term_string\"}}],\"inLanguage\":\"es\"},{\"@type\":\"Person\",\"@id\":\"https:\\\/\\\/simone.art.br\\\/es\\\/#\\\/schema\\\/person\\\/c4cc9e6ea3e65dfc619b6c93bbea3c69\",\"name\":\"admin\",\"image\":{\"@type\":\"ImageObject\",\"inLanguage\":\"es\",\"@id\":\"https:\\\/\\\/simone.art.br\\\/wp-content\\\/litespeed\\\/avatar\\\/6e6dedce97773a59999856b2fde6c5b2.jpg?ver=1776731934\",\"url\":\"https:\\\/\\\/simone.art.br\\\/wp-content\\\/litespeed\\\/avatar\\\/6e6dedce97773a59999856b2fde6c5b2.jpg?ver=1776731934\",\"contentUrl\":\"https:\\\/\\\/simone.art.br\\\/wp-content\\\/litespeed\\\/avatar\\\/6e6dedce97773a59999856b2fde6c5b2.jpg?ver=1776731934\",\"caption\":\"admin\"},\"url\":\"https:\\\/\\\/simone.art.br\\\/es\\\/author\\\/admin\\\/\"}]}<\/script>\n<!-- \/ Yoast SEO plugin. -->","yoast_head_json":{"title":"Quien te vio, quien te ve - Simone | Site Oficial","robots":{"index":"index","follow":"follow","max-snippet":"max-snippet:-1","max-image-preview":"max-image-preview:large","max-video-preview":"max-video-preview:-1"},"canonical":"https:\/\/simone.art.br\/es\/2019\/12\/19\/quien-te-vio-quien-te-ve\/","og_locale":"es_ES","og_type":"article","og_title":"Quien te vio, quien te ve - Simone | Site Oficial","og_description":"Incluso lejos de las redes sociales, Simone no dej\u00f3 la m\u00fasica a un lado ni un minuto. El fin de a\u00f1o es siempre un momento m\u00e1gico para Simone y este, que cumple 70 a\u00f1os\u00bb, es a\u00fan m\u00e1s especial. Este sitio, [&hellip;]","og_url":"https:\/\/simone.art.br\/es\/2019\/12\/19\/quien-te-vio-quien-te-ve\/","og_site_name":"Simone | Site Oficial","article_published_time":"2019-12-20T00:25:23+00:00","article_modified_time":"2021-11-21T22:49:01+00:00","og_image":[{"width":1920,"height":1280,"url":"https:\/\/i0.wp.com\/simone.art.br\/wp-content\/uploads\/2019\/12\/modelo-banner-blog.jpg?fit=1920%2C1280&ssl=1","type":"image\/jpeg"}],"author":"admin","twitter_card":"summary_large_image","twitter_misc":{"Escrito por":"admin","Tiempo de lectura":"5 minutos"},"schema":{"@context":"https:\/\/schema.org","@graph":[{"@type":"Article","@id":"https:\/\/simone.art.br\/es\/2019\/12\/19\/quien-te-vio-quien-te-ve\/#article","isPartOf":{"@id":"https:\/\/simone.art.br\/es\/2019\/12\/19\/quien-te-vio-quien-te-ve\/"},"author":{"name":"admin","@id":"https:\/\/simone.art.br\/es\/#\/schema\/person\/c4cc9e6ea3e65dfc619b6c93bbea3c69"},"headline":"Quien te vio, quien te ve","datePublished":"2019-12-20T00:25:23+00:00","dateModified":"2021-11-21T22:49:01+00:00","mainEntityOfPage":{"@id":"https:\/\/simone.art.br\/es\/2019\/12\/19\/quien-te-vio-quien-te-ve\/"},"wordCount":1085,"commentCount":0,"image":{"@id":"https:\/\/simone.art.br\/es\/2019\/12\/19\/quien-te-vio-quien-te-ve\/#primaryimage"},"thumbnailUrl":"https:\/\/simone.art.br\/wp-content\/uploads\/2019\/12\/modelo-banner-blog.jpg","keywords":["m\u00fasica"],"articleSection":["M\u00fasica"],"inLanguage":"es","potentialAction":[{"@type":"CommentAction","name":"Comment","target":["https:\/\/simone.art.br\/es\/2019\/12\/19\/quien-te-vio-quien-te-ve\/#respond"]}]},{"@type":"WebPage","@id":"https:\/\/simone.art.br\/es\/2019\/12\/19\/quien-te-vio-quien-te-ve\/","url":"https:\/\/simone.art.br\/es\/2019\/12\/19\/quien-te-vio-quien-te-ve\/","name":"Quien te vio, quien te ve - Simone | Site Oficial","isPartOf":{"@id":"https:\/\/simone.art.br\/es\/#website"},"primaryImageOfPage":{"@id":"https:\/\/simone.art.br\/es\/2019\/12\/19\/quien-te-vio-quien-te-ve\/#primaryimage"},"image":{"@id":"https:\/\/simone.art.br\/es\/2019\/12\/19\/quien-te-vio-quien-te-ve\/#primaryimage"},"thumbnailUrl":"https:\/\/simone.art.br\/wp-content\/uploads\/2019\/12\/modelo-banner-blog.jpg","datePublished":"2019-12-20T00:25:23+00:00","dateModified":"2021-11-21T22:49:01+00:00","author":{"@id":"https:\/\/simone.art.br\/es\/#\/schema\/person\/c4cc9e6ea3e65dfc619b6c93bbea3c69"},"breadcrumb":{"@id":"https:\/\/simone.art.br\/es\/2019\/12\/19\/quien-te-vio-quien-te-ve\/#breadcrumb"},"inLanguage":"es","potentialAction":[{"@type":"ReadAction","target":["https:\/\/simone.art.br\/es\/2019\/12\/19\/quien-te-vio-quien-te-ve\/"]}]},{"@type":"ImageObject","inLanguage":"es","@id":"https:\/\/simone.art.br\/es\/2019\/12\/19\/quien-te-vio-quien-te-ve\/#primaryimage","url":"https:\/\/simone.art.br\/wp-content\/uploads\/2019\/12\/modelo-banner-blog.jpg","contentUrl":"https:\/\/simone.art.br\/wp-content\/uploads\/2019\/12\/modelo-banner-blog.jpg","width":1920,"height":1280},{"@type":"BreadcrumbList","@id":"https:\/\/simone.art.br\/es\/2019\/12\/19\/quien-te-vio-quien-te-ve\/#breadcrumb","itemListElement":[{"@type":"ListItem","position":1,"name":"In\u00edcio","item":"https:\/\/simone.art.br\/es\/"},{"@type":"ListItem","position":2,"name":"Quien te vio, quien te ve"}]},{"@type":"WebSite","@id":"https:\/\/simone.art.br\/es\/#website","url":"https:\/\/simone.art.br\/es\/","name":"Simone | Site Oficial","description":"O voo da Cigarra, da inf\u00e2ncia musical aos palcos do mundo!","potentialAction":[{"@type":"SearchAction","target":{"@type":"EntryPoint","urlTemplate":"https:\/\/simone.art.br\/es\/?s={search_term_string}"},"query-input":{"@type":"PropertyValueSpecification","valueRequired":true,"valueName":"search_term_string"}}],"inLanguage":"es"},{"@type":"Person","@id":"https:\/\/simone.art.br\/es\/#\/schema\/person\/c4cc9e6ea3e65dfc619b6c93bbea3c69","name":"admin","image":{"@type":"ImageObject","inLanguage":"es","@id":"https:\/\/simone.art.br\/wp-content\/litespeed\/avatar\/6e6dedce97773a59999856b2fde6c5b2.jpg?ver=1776731934","url":"https:\/\/simone.art.br\/wp-content\/litespeed\/avatar\/6e6dedce97773a59999856b2fde6c5b2.jpg?ver=1776731934","contentUrl":"https:\/\/simone.art.br\/wp-content\/litespeed\/avatar\/6e6dedce97773a59999856b2fde6c5b2.jpg?ver=1776731934","caption":"admin"},"url":"https:\/\/simone.art.br\/es\/author\/admin\/"}]}},"_links":{"self":[{"href":"https:\/\/simone.art.br\/es\/wp-json\/wp\/v2\/posts\/5425","targetHints":{"allow":["GET"]}}],"collection":[{"href":"https:\/\/simone.art.br\/es\/wp-json\/wp\/v2\/posts"}],"about":[{"href":"https:\/\/simone.art.br\/es\/wp-json\/wp\/v2\/types\/post"}],"author":[{"embeddable":true,"href":"https:\/\/simone.art.br\/es\/wp-json\/wp\/v2\/users\/1"}],"replies":[{"embeddable":true,"href":"https:\/\/simone.art.br\/es\/wp-json\/wp\/v2\/comments?post=5425"}],"version-history":[{"count":4,"href":"https:\/\/simone.art.br\/es\/wp-json\/wp\/v2\/posts\/5425\/revisions"}],"predecessor-version":[{"id":5431,"href":"https:\/\/simone.art.br\/es\/wp-json\/wp\/v2\/posts\/5425\/revisions\/5431"}],"wp:featuredmedia":[{"embeddable":true,"href":"https:\/\/simone.art.br\/es\/wp-json\/wp\/v2\/media\/4671"}],"wp:attachment":[{"href":"https:\/\/simone.art.br\/es\/wp-json\/wp\/v2\/media?parent=5425"}],"wp:term":[{"taxonomy":"category","embeddable":true,"href":"https:\/\/simone.art.br\/es\/wp-json\/wp\/v2\/categories?post=5425"},{"taxonomy":"post_tag","embeddable":true,"href":"https:\/\/simone.art.br\/es\/wp-json\/wp\/v2\/tags?post=5425"}],"curies":[{"name":"wp","href":"https:\/\/api.w.org\/{rel}","templated":true}]}}