{"id":5902,"date":"2022-05-23T13:57:00","date_gmt":"2022-05-23T16:57:00","guid":{"rendered":"http:\/\/simone.art.br\/2022\/05\/23\/simone-avalia-trajetoria-de-meio-seculo-na-musica-vejo-que-acertei-bem-mais-do-que-errei\/"},"modified":"2022-06-10T11:48:19","modified_gmt":"2022-06-10T14:48:19","slug":"simone-avalia-trajetoria-de-meio-seculo-na-musica-vejo-que-acertei-bem-mais-do-que-errei","status":"publish","type":"post","link":"https:\/\/simone.art.br\/es\/2022\/05\/23\/simone-avalia-trajetoria-de-meio-seculo-na-musica-vejo-que-acertei-bem-mais-do-que-errei\/","title":{"rendered":"Simone avalia trajet\u00f3ria de meio s\u00e9culo na m\u00fasica: \u00abVejo que acertei bem mais do que errei\u00bb"},"content":{"rendered":"\t\t<div data-elementor-type=\"wp-post\" data-elementor-id=\"5902\" class=\"elementor elementor-5902 elementor-5890\" data-elementor-post-type=\"post\">\n\t\t\t\t\t\t<section class=\"elementor-section elementor-top-section elementor-element elementor-element-46e993e5 elementor-section-boxed elementor-section-height-default elementor-section-height-default\" data-id=\"46e993e5\" data-element_type=\"section\">\n\t\t\t\t\t\t<div class=\"elementor-container elementor-column-gap-default\">\n\t\t\t\t\t<div class=\"elementor-column elementor-col-100 elementor-top-column elementor-element elementor-element-29fda932\" data-id=\"29fda932\" data-element_type=\"column\">\n\t\t\t<div class=\"elementor-widget-wrap elementor-element-populated\">\n\t\t\t\t\t\t<div class=\"elementor-element elementor-element-e82eb22 elementor-widget elementor-widget-text-editor\" data-id=\"e82eb22\" data-element_type=\"widget\" data-widget_type=\"text-editor.default\">\n\t\t\t\t<div class=\"elementor-widget-container\">\n\t\t\t\t\t\t\t\t\t<p><img fetchpriority=\"high\" decoding=\"async\" class=\"aligncenter size-full wp-image-5895\" src=\"http:\/\/simone.art.br\/wp-content\/uploads\/2022\/06\/simone_avalia_trajetoria_quem_print.png.jpg\" alt=\"\" width=\"671\" height=\"922\" srcset=\"https:\/\/simone.art.br\/wp-content\/uploads\/2022\/06\/simone_avalia_trajetoria_quem_print.png.jpg 671w, https:\/\/simone.art.br\/wp-content\/uploads\/2022\/06\/simone_avalia_trajetoria_quem_print.png-218x300.jpg 218w, https:\/\/simone.art.br\/wp-content\/uploads\/2022\/06\/simone_avalia_trajetoria_quem_print.png-440x605.jpg 440w\" sizes=\"(max-width: 671px) 100vw, 671px\" \/><\/p><p>Leia a mat\u00e9ria completa <a href=\"http:\/\/www.gbrclipping.com.br\/sistema\/visualizar\/347598\" target=\"_blank\" rel=\"noopener\">clicando aqui<\/a>.<\/p>\t\t\t\t\t\t\t\t<\/div>\n\t\t\t\t<\/div>\n\t\t\t\t\t<\/div>\n\t\t<\/div>\n\t\t\t\t\t<\/div>\n\t\t<\/section>\n\t\t\t\t<\/div>\n\t\t","protected":false},"excerpt":{"rendered":"<p>Leia a mat\u00e9ria completa clicando aqui.<\/p>\n","protected":false},"author":1,"featured_media":5893,"comment_status":"open","ping_status":"open","sticky":false,"template":"","format":"standard","meta":{"inline_featured_image":false,"footnotes":""},"categories":[130],"tags":[99,108,134],"class_list":["post-5902","post","type-post","status-publish","format-standard","has-post-thumbnail","hentry","category-clipping-es","tag-simone-es","tag-musica-es","tag-trajetoria-es"],"yoast_head":"<!-- This site is optimized with the Yoast SEO plugin v27.4 - https:\/\/yoast.com\/product\/yoast-seo-wordpress\/ -->\n<title>Simone avalia trajet\u00f3ria de meio s\u00e9culo na m\u00fasica: &quot;Vejo que acertei bem mais do que errei&quot; - Simone | Site Oficial<\/title>\n<meta name=\"robots\" content=\"index, follow, max-snippet:-1, max-image-preview:large, max-video-preview:-1\" \/>\n<link rel=\"canonical\" href=\"https:\/\/simone.art.br\/es\/2022\/05\/23\/simone-avalia-trajetoria-de-meio-seculo-na-musica-vejo-que-acertei-bem-mais-do-que-errei\/\" \/>\n<meta property=\"og:locale\" content=\"es_ES\" \/>\n<meta property=\"og:type\" content=\"article\" \/>\n<meta property=\"og:title\" content=\"Simone avalia trajet\u00f3ria de meio s\u00e9culo na m\u00fasica: &quot;Vejo que acertei bem mais do que errei&quot; - Simone | Site Oficial\" \/>\n<meta property=\"og:description\" content=\"Leia a mat\u00e9ria completa clicando aqui.\" \/>\n<meta property=\"og:url\" content=\"https:\/\/simone.art.br\/es\/2022\/05\/23\/simone-avalia-trajetoria-de-meio-seculo-na-musica-vejo-que-acertei-bem-mais-do-que-errei\/\" \/>\n<meta property=\"og:site_name\" content=\"Simone | Site Oficial\" \/>\n<meta property=\"article:published_time\" content=\"2022-05-23T16:57:00+00:00\" \/>\n<meta property=\"article:modified_time\" content=\"2022-06-10T14:48:19+00:00\" \/>\n<meta property=\"og:image\" content=\"https:\/\/i0.wp.com\/simone.art.br\/wp-content\/uploads\/2022\/06\/simone_avalia_trajetoria_quem.png?fit=1920%2C1280&ssl=1\" \/>\n\t<meta property=\"og:image:width\" content=\"1920\" \/>\n\t<meta property=\"og:image:height\" content=\"1280\" \/>\n\t<meta property=\"og:image:type\" content=\"image\/png\" \/>\n<meta name=\"author\" content=\"admin\" \/>\n<meta name=\"twitter:card\" content=\"summary_large_image\" \/>\n<meta name=\"twitter:label1\" content=\"Escrito por\" \/>\n\t<meta name=\"twitter:data1\" content=\"admin\" \/>\n\t<meta name=\"twitter:label2\" content=\"Tiempo de lectura\" \/>\n\t<meta name=\"twitter:data2\" content=\"1 minuto\" \/>\n<script type=\"application\/ld+json\" class=\"yoast-schema-graph\">{\"@context\":\"https:\\\/\\\/schema.org\",\"@graph\":[{\"@type\":\"Article\",\"@id\":\"https:\\\/\\\/simone.art.br\\\/es\\\/2022\\\/05\\\/23\\\/simone-avalia-trajetoria-de-meio-seculo-na-musica-vejo-que-acertei-bem-mais-do-que-errei\\\/#article\",\"isPartOf\":{\"@id\":\"https:\\\/\\\/simone.art.br\\\/es\\\/2022\\\/05\\\/23\\\/simone-avalia-trajetoria-de-meio-seculo-na-musica-vejo-que-acertei-bem-mais-do-que-errei\\\/\"},\"author\":{\"name\":\"admin\",\"@id\":\"https:\\\/\\\/simone.art.br\\\/es\\\/#\\\/schema\\\/person\\\/c4cc9e6ea3e65dfc619b6c93bbea3c69\"},\"headline\":\"Simone avalia trajet\u00f3ria de meio s\u00e9culo na m\u00fasica: \u00abVejo que acertei bem mais do que errei\u00bb\",\"datePublished\":\"2022-05-23T16:57:00+00:00\",\"dateModified\":\"2022-06-10T14:48:19+00:00\",\"mainEntityOfPage\":{\"@id\":\"https:\\\/\\\/simone.art.br\\\/es\\\/2022\\\/05\\\/23\\\/simone-avalia-trajetoria-de-meio-seculo-na-musica-vejo-que-acertei-bem-mais-do-que-errei\\\/\"},\"wordCount\":26,\"commentCount\":0,\"image\":{\"@id\":\"https:\\\/\\\/simone.art.br\\\/es\\\/2022\\\/05\\\/23\\\/simone-avalia-trajetoria-de-meio-seculo-na-musica-vejo-que-acertei-bem-mais-do-que-errei\\\/#primaryimage\"},\"thumbnailUrl\":\"https:\\\/\\\/simone.art.br\\\/wp-content\\\/uploads\\\/2022\\\/06\\\/simone_avalia_trajetoria_quem.png\",\"keywords\":[\"simone\",\"m\u00fasica\",\"trajetoria\"],\"articleSection\":[\"Clipping\"],\"inLanguage\":\"es\",\"potentialAction\":[{\"@type\":\"CommentAction\",\"name\":\"Comment\",\"target\":[\"https:\\\/\\\/simone.art.br\\\/es\\\/2022\\\/05\\\/23\\\/simone-avalia-trajetoria-de-meio-seculo-na-musica-vejo-que-acertei-bem-mais-do-que-errei\\\/#respond\"]}]},{\"@type\":\"WebPage\",\"@id\":\"https:\\\/\\\/simone.art.br\\\/es\\\/2022\\\/05\\\/23\\\/simone-avalia-trajetoria-de-meio-seculo-na-musica-vejo-que-acertei-bem-mais-do-que-errei\\\/\",\"url\":\"https:\\\/\\\/simone.art.br\\\/es\\\/2022\\\/05\\\/23\\\/simone-avalia-trajetoria-de-meio-seculo-na-musica-vejo-que-acertei-bem-mais-do-que-errei\\\/\",\"name\":\"Simone avalia trajet\u00f3ria de meio s\u00e9culo na m\u00fasica: \\\"Vejo que acertei bem mais do que errei\\\" - Simone | Site Oficial\",\"isPartOf\":{\"@id\":\"https:\\\/\\\/simone.art.br\\\/es\\\/#website\"},\"primaryImageOfPage\":{\"@id\":\"https:\\\/\\\/simone.art.br\\\/es\\\/2022\\\/05\\\/23\\\/simone-avalia-trajetoria-de-meio-seculo-na-musica-vejo-que-acertei-bem-mais-do-que-errei\\\/#primaryimage\"},\"image\":{\"@id\":\"https:\\\/\\\/simone.art.br\\\/es\\\/2022\\\/05\\\/23\\\/simone-avalia-trajetoria-de-meio-seculo-na-musica-vejo-que-acertei-bem-mais-do-que-errei\\\/#primaryimage\"},\"thumbnailUrl\":\"https:\\\/\\\/simone.art.br\\\/wp-content\\\/uploads\\\/2022\\\/06\\\/simone_avalia_trajetoria_quem.png\",\"datePublished\":\"2022-05-23T16:57:00+00:00\",\"dateModified\":\"2022-06-10T14:48:19+00:00\",\"author\":{\"@id\":\"https:\\\/\\\/simone.art.br\\\/es\\\/#\\\/schema\\\/person\\\/c4cc9e6ea3e65dfc619b6c93bbea3c69\"},\"breadcrumb\":{\"@id\":\"https:\\\/\\\/simone.art.br\\\/es\\\/2022\\\/05\\\/23\\\/simone-avalia-trajetoria-de-meio-seculo-na-musica-vejo-que-acertei-bem-mais-do-que-errei\\\/#breadcrumb\"},\"inLanguage\":\"es\",\"potentialAction\":[{\"@type\":\"ReadAction\",\"target\":[\"https:\\\/\\\/simone.art.br\\\/es\\\/2022\\\/05\\\/23\\\/simone-avalia-trajetoria-de-meio-seculo-na-musica-vejo-que-acertei-bem-mais-do-que-errei\\\/\"]}]},{\"@type\":\"ImageObject\",\"inLanguage\":\"es\",\"@id\":\"https:\\\/\\\/simone.art.br\\\/es\\\/2022\\\/05\\\/23\\\/simone-avalia-trajetoria-de-meio-seculo-na-musica-vejo-que-acertei-bem-mais-do-que-errei\\\/#primaryimage\",\"url\":\"https:\\\/\\\/simone.art.br\\\/wp-content\\\/uploads\\\/2022\\\/06\\\/simone_avalia_trajetoria_quem.png\",\"contentUrl\":\"https:\\\/\\\/simone.art.br\\\/wp-content\\\/uploads\\\/2022\\\/06\\\/simone_avalia_trajetoria_quem.png\",\"width\":1920,\"height\":1280},{\"@type\":\"BreadcrumbList\",\"@id\":\"https:\\\/\\\/simone.art.br\\\/es\\\/2022\\\/05\\\/23\\\/simone-avalia-trajetoria-de-meio-seculo-na-musica-vejo-que-acertei-bem-mais-do-que-errei\\\/#breadcrumb\",\"itemListElement\":[{\"@type\":\"ListItem\",\"position\":1,\"name\":\"In\u00edcio\",\"item\":\"https:\\\/\\\/simone.art.br\\\/es\\\/\"},{\"@type\":\"ListItem\",\"position\":2,\"name\":\"Simone avalia trajet\u00f3ria de meio s\u00e9culo na m\u00fasica: \u00abVejo que acertei bem mais do que errei\u00bb\"}]},{\"@type\":\"WebSite\",\"@id\":\"https:\\\/\\\/simone.art.br\\\/es\\\/#website\",\"url\":\"https:\\\/\\\/simone.art.br\\\/es\\\/\",\"name\":\"Simone | Site Oficial\",\"description\":\"O voo da Cigarra, da inf\u00e2ncia musical aos palcos do mundo!\",\"potentialAction\":[{\"@type\":\"SearchAction\",\"target\":{\"@type\":\"EntryPoint\",\"urlTemplate\":\"https:\\\/\\\/simone.art.br\\\/es\\\/?s={search_term_string}\"},\"query-input\":{\"@type\":\"PropertyValueSpecification\",\"valueRequired\":true,\"valueName\":\"search_term_string\"}}],\"inLanguage\":\"es\"},{\"@type\":\"Person\",\"@id\":\"https:\\\/\\\/simone.art.br\\\/es\\\/#\\\/schema\\\/person\\\/c4cc9e6ea3e65dfc619b6c93bbea3c69\",\"name\":\"admin\",\"image\":{\"@type\":\"ImageObject\",\"inLanguage\":\"es\",\"@id\":\"https:\\\/\\\/simone.art.br\\\/wp-content\\\/litespeed\\\/avatar\\\/6e6dedce97773a59999856b2fde6c5b2.jpg?ver=1776731934\",\"url\":\"https:\\\/\\\/simone.art.br\\\/wp-content\\\/litespeed\\\/avatar\\\/6e6dedce97773a59999856b2fde6c5b2.jpg?ver=1776731934\",\"contentUrl\":\"https:\\\/\\\/simone.art.br\\\/wp-content\\\/litespeed\\\/avatar\\\/6e6dedce97773a59999856b2fde6c5b2.jpg?ver=1776731934\",\"caption\":\"admin\"},\"url\":\"https:\\\/\\\/simone.art.br\\\/es\\\/author\\\/admin\\\/\"}]}<\/script>\n<!-- \/ Yoast SEO plugin. -->","yoast_head_json":{"title":"Simone avalia trajet\u00f3ria de meio s\u00e9culo na m\u00fasica: \"Vejo que acertei bem mais do que errei\" - Simone | Site Oficial","robots":{"index":"index","follow":"follow","max-snippet":"max-snippet:-1","max-image-preview":"max-image-preview:large","max-video-preview":"max-video-preview:-1"},"canonical":"https:\/\/simone.art.br\/es\/2022\/05\/23\/simone-avalia-trajetoria-de-meio-seculo-na-musica-vejo-que-acertei-bem-mais-do-que-errei\/","og_locale":"es_ES","og_type":"article","og_title":"Simone avalia trajet\u00f3ria de meio s\u00e9culo na m\u00fasica: \"Vejo que acertei bem mais do que errei\" - Simone | Site Oficial","og_description":"Leia a mat\u00e9ria completa clicando aqui.","og_url":"https:\/\/simone.art.br\/es\/2022\/05\/23\/simone-avalia-trajetoria-de-meio-seculo-na-musica-vejo-que-acertei-bem-mais-do-que-errei\/","og_site_name":"Simone | Site Oficial","article_published_time":"2022-05-23T16:57:00+00:00","article_modified_time":"2022-06-10T14:48:19+00:00","og_image":[{"width":1920,"height":1280,"url":"https:\/\/i0.wp.com\/simone.art.br\/wp-content\/uploads\/2022\/06\/simone_avalia_trajetoria_quem.png?fit=1920%2C1280&ssl=1","type":"image\/png"}],"author":"admin","twitter_card":"summary_large_image","twitter_misc":{"Escrito por":"admin","Tiempo de lectura":"1 minuto"},"schema":{"@context":"https:\/\/schema.org","@graph":[{"@type":"Article","@id":"https:\/\/simone.art.br\/es\/2022\/05\/23\/simone-avalia-trajetoria-de-meio-seculo-na-musica-vejo-que-acertei-bem-mais-do-que-errei\/#article","isPartOf":{"@id":"https:\/\/simone.art.br\/es\/2022\/05\/23\/simone-avalia-trajetoria-de-meio-seculo-na-musica-vejo-que-acertei-bem-mais-do-que-errei\/"},"author":{"name":"admin","@id":"https:\/\/simone.art.br\/es\/#\/schema\/person\/c4cc9e6ea3e65dfc619b6c93bbea3c69"},"headline":"Simone avalia trajet\u00f3ria de meio s\u00e9culo na m\u00fasica: \u00abVejo que acertei bem mais do que errei\u00bb","datePublished":"2022-05-23T16:57:00+00:00","dateModified":"2022-06-10T14:48:19+00:00","mainEntityOfPage":{"@id":"https:\/\/simone.art.br\/es\/2022\/05\/23\/simone-avalia-trajetoria-de-meio-seculo-na-musica-vejo-que-acertei-bem-mais-do-que-errei\/"},"wordCount":26,"commentCount":0,"image":{"@id":"https:\/\/simone.art.br\/es\/2022\/05\/23\/simone-avalia-trajetoria-de-meio-seculo-na-musica-vejo-que-acertei-bem-mais-do-que-errei\/#primaryimage"},"thumbnailUrl":"https:\/\/simone.art.br\/wp-content\/uploads\/2022\/06\/simone_avalia_trajetoria_quem.png","keywords":["simone","m\u00fasica","trajetoria"],"articleSection":["Clipping"],"inLanguage":"es","potentialAction":[{"@type":"CommentAction","name":"Comment","target":["https:\/\/simone.art.br\/es\/2022\/05\/23\/simone-avalia-trajetoria-de-meio-seculo-na-musica-vejo-que-acertei-bem-mais-do-que-errei\/#respond"]}]},{"@type":"WebPage","@id":"https:\/\/simone.art.br\/es\/2022\/05\/23\/simone-avalia-trajetoria-de-meio-seculo-na-musica-vejo-que-acertei-bem-mais-do-que-errei\/","url":"https:\/\/simone.art.br\/es\/2022\/05\/23\/simone-avalia-trajetoria-de-meio-seculo-na-musica-vejo-que-acertei-bem-mais-do-que-errei\/","name":"Simone avalia trajet\u00f3ria de meio s\u00e9culo na m\u00fasica: \"Vejo que acertei bem mais do que errei\" - Simone | Site Oficial","isPartOf":{"@id":"https:\/\/simone.art.br\/es\/#website"},"primaryImageOfPage":{"@id":"https:\/\/simone.art.br\/es\/2022\/05\/23\/simone-avalia-trajetoria-de-meio-seculo-na-musica-vejo-que-acertei-bem-mais-do-que-errei\/#primaryimage"},"image":{"@id":"https:\/\/simone.art.br\/es\/2022\/05\/23\/simone-avalia-trajetoria-de-meio-seculo-na-musica-vejo-que-acertei-bem-mais-do-que-errei\/#primaryimage"},"thumbnailUrl":"https:\/\/simone.art.br\/wp-content\/uploads\/2022\/06\/simone_avalia_trajetoria_quem.png","datePublished":"2022-05-23T16:57:00+00:00","dateModified":"2022-06-10T14:48:19+00:00","author":{"@id":"https:\/\/simone.art.br\/es\/#\/schema\/person\/c4cc9e6ea3e65dfc619b6c93bbea3c69"},"breadcrumb":{"@id":"https:\/\/simone.art.br\/es\/2022\/05\/23\/simone-avalia-trajetoria-de-meio-seculo-na-musica-vejo-que-acertei-bem-mais-do-que-errei\/#breadcrumb"},"inLanguage":"es","potentialAction":[{"@type":"ReadAction","target":["https:\/\/simone.art.br\/es\/2022\/05\/23\/simone-avalia-trajetoria-de-meio-seculo-na-musica-vejo-que-acertei-bem-mais-do-que-errei\/"]}]},{"@type":"ImageObject","inLanguage":"es","@id":"https:\/\/simone.art.br\/es\/2022\/05\/23\/simone-avalia-trajetoria-de-meio-seculo-na-musica-vejo-que-acertei-bem-mais-do-que-errei\/#primaryimage","url":"https:\/\/simone.art.br\/wp-content\/uploads\/2022\/06\/simone_avalia_trajetoria_quem.png","contentUrl":"https:\/\/simone.art.br\/wp-content\/uploads\/2022\/06\/simone_avalia_trajetoria_quem.png","width":1920,"height":1280},{"@type":"BreadcrumbList","@id":"https:\/\/simone.art.br\/es\/2022\/05\/23\/simone-avalia-trajetoria-de-meio-seculo-na-musica-vejo-que-acertei-bem-mais-do-que-errei\/#breadcrumb","itemListElement":[{"@type":"ListItem","position":1,"name":"In\u00edcio","item":"https:\/\/simone.art.br\/es\/"},{"@type":"ListItem","position":2,"name":"Simone avalia trajet\u00f3ria de meio s\u00e9culo na m\u00fasica: \u00abVejo que acertei bem mais do que errei\u00bb"}]},{"@type":"WebSite","@id":"https:\/\/simone.art.br\/es\/#website","url":"https:\/\/simone.art.br\/es\/","name":"Simone | Site Oficial","description":"O voo da Cigarra, da inf\u00e2ncia musical aos palcos do mundo!","potentialAction":[{"@type":"SearchAction","target":{"@type":"EntryPoint","urlTemplate":"https:\/\/simone.art.br\/es\/?s={search_term_string}"},"query-input":{"@type":"PropertyValueSpecification","valueRequired":true,"valueName":"search_term_string"}}],"inLanguage":"es"},{"@type":"Person","@id":"https:\/\/simone.art.br\/es\/#\/schema\/person\/c4cc9e6ea3e65dfc619b6c93bbea3c69","name":"admin","image":{"@type":"ImageObject","inLanguage":"es","@id":"https:\/\/simone.art.br\/wp-content\/litespeed\/avatar\/6e6dedce97773a59999856b2fde6c5b2.jpg?ver=1776731934","url":"https:\/\/simone.art.br\/wp-content\/litespeed\/avatar\/6e6dedce97773a59999856b2fde6c5b2.jpg?ver=1776731934","contentUrl":"https:\/\/simone.art.br\/wp-content\/litespeed\/avatar\/6e6dedce97773a59999856b2fde6c5b2.jpg?ver=1776731934","caption":"admin"},"url":"https:\/\/simone.art.br\/es\/author\/admin\/"}]}},"_links":{"self":[{"href":"https:\/\/simone.art.br\/es\/wp-json\/wp\/v2\/posts\/5902","targetHints":{"allow":["GET"]}}],"collection":[{"href":"https:\/\/simone.art.br\/es\/wp-json\/wp\/v2\/posts"}],"about":[{"href":"https:\/\/simone.art.br\/es\/wp-json\/wp\/v2\/types\/post"}],"author":[{"embeddable":true,"href":"https:\/\/simone.art.br\/es\/wp-json\/wp\/v2\/users\/1"}],"replies":[{"embeddable":true,"href":"https:\/\/simone.art.br\/es\/wp-json\/wp\/v2\/comments?post=5902"}],"version-history":[{"count":8,"href":"https:\/\/simone.art.br\/es\/wp-json\/wp\/v2\/posts\/5902\/revisions"}],"predecessor-version":[{"id":5918,"href":"https:\/\/simone.art.br\/es\/wp-json\/wp\/v2\/posts\/5902\/revisions\/5918"}],"wp:featuredmedia":[{"embeddable":true,"href":"https:\/\/simone.art.br\/es\/wp-json\/wp\/v2\/media\/5893"}],"wp:attachment":[{"href":"https:\/\/simone.art.br\/es\/wp-json\/wp\/v2\/media?parent=5902"}],"wp:term":[{"taxonomy":"category","embeddable":true,"href":"https:\/\/simone.art.br\/es\/wp-json\/wp\/v2\/categories?post=5902"},{"taxonomy":"post_tag","embeddable":true,"href":"https:\/\/simone.art.br\/es\/wp-json\/wp\/v2\/tags?post=5902"}],"curies":[{"name":"wp","href":"https:\/\/api.w.org\/{rel}","templated":true}]}}